{"id":7946,"date":"2022-04-19T16:31:11","date_gmt":"2022-04-19T14:31:11","guid":{"rendered":"https:\/\/ticommunication.eu\/?p=7946"},"modified":"2022-04-21T12:11:41","modified_gmt":"2022-04-21T10:11:41","slug":"wir-sind-die-neuen-im-team","status":"publish","type":"post","link":"https:\/\/www.ticommunication.eu\/de\/wir-sind-die-neuen-im-team\/","title":{"rendered":"Wir sind die Neuen im Team!"},"content":{"rendered":"<p>Hey, wir sind Karen und Julia, die zwei neuen Praktikantinnen bei ti communication. In den n\u00e4chsten drei Monaten werden wir das Team in den Bereichen Trainingsorganisation und Marketing &amp;Vertrieb unterst\u00fctzen und m\u00f6chten uns daher hier einmal kurz vorstellen.<\/p>\n<p>Karen Godec: Praktikantin in der Trainingsorganisation <\/p>\n<p>Salut! <img decoding=\"async\" src=\"https:\/\/www.ticommunication.eu\/wp-content\/uploads\/2022\/04\/Foto-Website-1-300x300.jpg\" alt=\"Karen Godec Praktikantin TO\" \/>Ich bin Karen, eine 20-j\u00e4hrige Franz\u00f6sin. Ich komme aus Brest, in der Bretagne, also ganz aus dem Westen Frankreichs. Wir aus Brest sagen gerne, dass man bei gutem Wetter (fast) die Freiheitsstatue in New York sehen kann. In Brest mache ich gerade an der Uni einen Doppelbachelor in Jura und Angewandten Fremdsprachen (Englisch und Deutsch). Nun bin ich f\u00fcr die Zeit meines Praktikums bei \u201eti communication\u201c, d.h. f\u00fcr drei Monate, hier in der wundersch\u00f6nen Stadt Regensburg.In meiner Freizeit reise ich gerne durch Frankreich und Europa, um Freunde zu besuchen. Wenn ich in der Bretagne bin, gehe ich gerne am Meer spazieren oder mag es, mich einfach nur mit einem guten Buch (und Freunden!) an den Strand zu legen. Au\u00dferdem gehe ich gerne mit meinen Freunden oder meinem Bruder ins Kino. Ansonsten zeichne und tanze ich ab und zu (ich habe 10 Jahre lang Modern-Jazz-Tanz gemacht).Vor 5 Jahren habe ich im Rahmen des Programms \u201eBrigitte Sauzay\u201c an einem Sch\u00fcleraustausch mit einer jungen deutschen Sch\u00fclerin (Charlotte) teilgenommen. Dadurch hatte ich die bereichernde M\u00f6glichkeit, den Alltag einer deutschen Familie in Osterholz-Scharmbeck (in der N\u00e4he von Bremen) zu erleben. Bis jetzt waren diese 3 Monate die beste meines Lebens!<\/p>\n<p>Julia Carl: Praktikantin im Marketing &amp; Vertrieb<\/p>\n<p>Servus,<img decoding=\"async\" src=\"https:\/\/www.ticommunication.eu\/wp-content\/uploads\/2022\/04\/Foto_Website_Julia-Carl-300x300.jpg\" alt=\"Foto Julia Carl\" \/>ich bin Julia, bin 23 Jahre alt, und unterst\u00fctze das Team von ti communication nun als neue Praktikantin im Bereich Marketing und Vertrieb. Urspr\u00fcnglich komme ich aus N\u00fcrnberg, f\u00fcr mein Studium der \u201eDeutsch-Franz\u00f6sischen Studien\u201c hat es mich dann allerdings aus Franken in das \u201erichtige Bayern\u201c, nach Regensburg, verschlagen. Fremde Kulturen und Sprachen waren schon immer meine Leidenschaft, im Rahmen eines AuPair Aufenthaltes und meines binationalen Studiums hatte ich so die M\u00f6glichkeit, knapp zwei Jahre lang in S\u00fcdfrankreich zu leben und mit Menschen aus ganz verschiedenen Kulturen zusammenzuarbeiten.Bei ti communication kann ich nun meine verschiedenen Interessensbereiche &#8211; die interkulturelle Zusammenarbeit und das Marketing &#8211; verbinden und in der Praxis erleben!Neben dem Lernen neuer Sprachen bin ich in meiner Freizeit zudem immer gerne aktiv unterwegs, mache Sport und erkunde neue Orte. Au\u00dferdem backe (und esse \ud83d\ude0a) ich sehr gerne Kuchen, Kekse und Torten jeglicher Art.<\/p>\n<p><\/p>\n","protected":false},"excerpt":{"rendered":"<p>Hey, wir sind Karen und Julia, die zwei neuen Praktikantinnen bei ti communication. In den n\u00e4chsten drei Monaten werden wir das Team in den Bereichen Trainingsorganisation<span class=\"excerpt-hellip\"> [\u2026]<\/span><\/p>\n","protected":false},"author":2,"featured_media":7982,"comment_status":"open","ping_status":"open","sticky":false,"template":"","format":"standard","meta":{"_custom_body_class":"","_custom_post_class":"","rs_blank_template":"","rs_page_bg_color":"","slide_template_v7":"","_price":"","_stock":"","_tribe_ticket_header":"","_tribe_default_ticket_provider":"","_tribe_ticket_capacity":"0","_ticket_start_date":"","_ticket_end_date":"","_tribe_ticket_show_description":"","_tribe_ticket_show_not_going":false,"_tribe_ticket_use_global_stock":"","_tribe_ticket_global_stock_level":"","_global_stock_mode":"","_global_stock_cap":"","_tribe_rsvp_for_event":"","_tribe_ticket_going_count":"","_tribe_ticket_not_going_count":"","_tribe_tickets_list":"[]","_tribe_ticket_has_attendee_info_fields":false,"footnotes":"","_tec_slr_enabled":"","_tec_slr_layout":""},"categories":[373],"tags":[433,371,432,478,431],"class_list":["post-7946","post","type-post","status-publish","format-standard","has-post-thumbnail","hentry","category-wir-ueber-uns","tag-marketing","tag-praktikantinnen","tag-praktikum","tag-trainingsorganisation","tag-vorstellung"],"yoast_head":"<!-- This site is optimized with the Yoast SEO plugin v27.3 - https:\/\/yoast.com\/product\/yoast-seo-wordpress\/ -->\n<title>Wir sind die Neuen im Team! - ticommunication<\/title>\n<meta name=\"robots\" content=\"index, follow, max-snippet:-1, max-image-preview:large, max-video-preview:-1\" \/>\n<link rel=\"canonical\" href=\"https:\/\/www.ticommunication.eu\/de\/wir-sind-die-neuen-im-team\/\" \/>\n<meta property=\"og:locale\" content=\"de_DE\" \/>\n<meta property=\"og:type\" content=\"article\" \/>\n<meta property=\"og:title\" content=\"Wir sind die Neuen im Team! - ticommunication\" \/>\n<meta property=\"og:description\" content=\"Hey, wir sind Karen und Julia, die zwei neuen Praktikantinnen bei ti communication. In den n\u00e4chsten drei Monaten werden wir das Team in den Bereichen Trainingsorganisation [\u2026]\" \/>\n<meta property=\"og:url\" content=\"https:\/\/www.ticommunication.eu\/de\/wir-sind-die-neuen-im-team\/\" \/>\n<meta property=\"og:site_name\" content=\"ticommunication\" \/>\n<meta property=\"article:published_time\" content=\"2022-04-19T14:31:11+00:00\" \/>\n<meta property=\"article:modified_time\" content=\"2022-04-21T10:11:41+00:00\" \/>\n<meta property=\"og:image\" content=\"https:\/\/www.ticommunication.eu\/wp-content\/uploads\/2022\/04\/Foto_Blog_Karen-Julia-Vorstellung.jpg\" \/>\n\t<meta property=\"og:image:width\" content=\"1000\" \/>\n\t<meta property=\"og:image:height\" content=\"667\" \/>\n\t<meta property=\"og:image:type\" content=\"image\/jpeg\" \/>\n<meta name=\"author\" content=\"ti communication Team\" \/>\n<meta name=\"twitter:card\" content=\"summary_large_image\" \/>\n<meta name=\"twitter:label1\" content=\"Verfasst von\" \/>\n\t<meta name=\"twitter:data1\" content=\"ti communication Team\" \/>\n\t<meta name=\"twitter:label2\" content=\"Gesch\u00e4tzte Lesezeit\" \/>\n\t<meta name=\"twitter:data2\" content=\"1\u00a0Minute\" \/>\n<script type=\"application\/ld+json\" class=\"yoast-schema-graph\">{\"@context\":\"https:\\\/\\\/schema.org\",\"@graph\":[{\"@type\":\"Article\",\"@id\":\"https:\\\/\\\/www.ticommunication.eu\\\/de\\\/wir-sind-die-neuen-im-team\\\/#article\",\"isPartOf\":{\"@id\":\"https:\\\/\\\/www.ticommunication.eu\\\/de\\\/wir-sind-die-neuen-im-team\\\/\"},\"author\":{\"name\":\"ti communication Team\",\"@id\":\"https:\\\/\\\/https\\\/\\\/www.ticommunication.eu\\\/de\\\/de\\\/#\\\/schema\\\/person\\\/0d9ea0be943dbdd68953c681882230a5\"},\"headline\":\"Wir sind die Neuen im Team!\",\"datePublished\":\"2022-04-19T14:31:11+00:00\",\"dateModified\":\"2022-04-21T10:11:41+00:00\",\"mainEntityOfPage\":{\"@id\":\"https:\\\/\\\/www.ticommunication.eu\\\/de\\\/wir-sind-die-neuen-im-team\\\/\"},\"wordCount\":419,\"commentCount\":0,\"image\":{\"@id\":\"https:\\\/\\\/www.ticommunication.eu\\\/de\\\/wir-sind-die-neuen-im-team\\\/#primaryimage\"},\"thumbnailUrl\":\"https:\\\/\\\/www.ticommunication.eu\\\/wp-content\\\/uploads\\\/2022\\\/04\\\/Foto_Blog_Karen-Julia-Vorstellung.jpg\",\"keywords\":[\"Marketing\",\"Praktikantinnen\",\"Praktikum\",\"Trainingsorganisation\",\"Vorstellung\"],\"articleSection\":[\"Wir \u00fcber uns\"],\"inLanguage\":\"de\",\"potentialAction\":[{\"@type\":\"CommentAction\",\"name\":\"Comment\",\"target\":[\"https:\\\/\\\/www.ticommunication.eu\\\/de\\\/wir-sind-die-neuen-im-team\\\/#respond\"]}]},{\"@type\":\"WebPage\",\"@id\":\"https:\\\/\\\/www.ticommunication.eu\\\/de\\\/wir-sind-die-neuen-im-team\\\/\",\"url\":\"https:\\\/\\\/www.ticommunication.eu\\\/de\\\/wir-sind-die-neuen-im-team\\\/\",\"name\":\"Wir sind die Neuen im Team! - ticommunication\",\"isPartOf\":{\"@id\":\"https:\\\/\\\/https\\\/\\\/www.ticommunication.eu\\\/de\\\/de\\\/#website\"},\"primaryImageOfPage\":{\"@id\":\"https:\\\/\\\/www.ticommunication.eu\\\/de\\\/wir-sind-die-neuen-im-team\\\/#primaryimage\"},\"image\":{\"@id\":\"https:\\\/\\\/www.ticommunication.eu\\\/de\\\/wir-sind-die-neuen-im-team\\\/#primaryimage\"},\"thumbnailUrl\":\"https:\\\/\\\/www.ticommunication.eu\\\/wp-content\\\/uploads\\\/2022\\\/04\\\/Foto_Blog_Karen-Julia-Vorstellung.jpg\",\"datePublished\":\"2022-04-19T14:31:11+00:00\",\"dateModified\":\"2022-04-21T10:11:41+00:00\",\"author\":{\"@id\":\"https:\\\/\\\/https\\\/\\\/www.ticommunication.eu\\\/de\\\/de\\\/#\\\/schema\\\/person\\\/0d9ea0be943dbdd68953c681882230a5\"},\"breadcrumb\":{\"@id\":\"https:\\\/\\\/www.ticommunication.eu\\\/de\\\/wir-sind-die-neuen-im-team\\\/#breadcrumb\"},\"inLanguage\":\"de\",\"potentialAction\":[{\"@type\":\"ReadAction\",\"target\":[\"https:\\\/\\\/www.ticommunication.eu\\\/de\\\/wir-sind-die-neuen-im-team\\\/\"]}]},{\"@type\":\"ImageObject\",\"inLanguage\":\"de\",\"@id\":\"https:\\\/\\\/www.ticommunication.eu\\\/de\\\/wir-sind-die-neuen-im-team\\\/#primaryimage\",\"url\":\"https:\\\/\\\/www.ticommunication.eu\\\/wp-content\\\/uploads\\\/2022\\\/04\\\/Foto_Blog_Karen-Julia-Vorstellung.jpg\",\"contentUrl\":\"https:\\\/\\\/www.ticommunication.eu\\\/wp-content\\\/uploads\\\/2022\\\/04\\\/Foto_Blog_Karen-Julia-Vorstellung.jpg\",\"width\":1000,\"height\":667,\"caption\":\"Praktikantinnen Karen Godec, Julia Carl\"},{\"@type\":\"BreadcrumbList\",\"@id\":\"https:\\\/\\\/www.ticommunication.eu\\\/de\\\/wir-sind-die-neuen-im-team\\\/#breadcrumb\",\"itemListElement\":[{\"@type\":\"ListItem\",\"position\":1,\"name\":\"Startseite\",\"item\":\"https:\\\/\\\/www.ticommunication.eu\\\/de\\\/\"},{\"@type\":\"ListItem\",\"position\":2,\"name\":\"Wir sind die Neuen im Team!\"}]},{\"@type\":\"WebSite\",\"@id\":\"https:\\\/\\\/https\\\/\\\/www.ticommunication.eu\\\/de\\\/de\\\/#website\",\"url\":\"https:\\\/\\\/https\\\/\\\/www.ticommunication.eu\\\/de\\\/de\\\/\",\"name\":\"ticommunication\",\"description\":\"think inclusively\",\"potentialAction\":[{\"@type\":\"SearchAction\",\"target\":{\"@type\":\"EntryPoint\",\"urlTemplate\":\"https:\\\/\\\/https\\\/\\\/www.ticommunication.eu\\\/de\\\/de\\\/?s={search_term_string}\"},\"query-input\":{\"@type\":\"PropertyValueSpecification\",\"valueRequired\":true,\"valueName\":\"search_term_string\"}}],\"inLanguage\":\"de\"},{\"@type\":\"Person\",\"@id\":\"https:\\\/\\\/https\\\/\\\/www.ticommunication.eu\\\/de\\\/de\\\/#\\\/schema\\\/person\\\/0d9ea0be943dbdd68953c681882230a5\",\"name\":\"ti communication Team\",\"url\":\"https:\\\/\\\/www.ticommunication.eu\\\/de\\\/author\\\/ticuser\\\/\"}]}<\/script>\n<!-- \/ Yoast SEO plugin. -->","yoast_head_json":{"title":"Wir sind die Neuen im Team! - ticommunication","robots":{"index":"index","follow":"follow","max-snippet":"max-snippet:-1","max-image-preview":"max-image-preview:large","max-video-preview":"max-video-preview:-1"},"canonical":"https:\/\/www.ticommunication.eu\/de\/wir-sind-die-neuen-im-team\/","og_locale":"de_DE","og_type":"article","og_title":"Wir sind die Neuen im Team! - ticommunication","og_description":"Hey, wir sind Karen und Julia, die zwei neuen Praktikantinnen bei ti communication. In den n\u00e4chsten drei Monaten werden wir das Team in den Bereichen Trainingsorganisation [\u2026]","og_url":"https:\/\/www.ticommunication.eu\/de\/wir-sind-die-neuen-im-team\/","og_site_name":"ticommunication","article_published_time":"2022-04-19T14:31:11+00:00","article_modified_time":"2022-04-21T10:11:41+00:00","og_image":[{"width":1000,"height":667,"url":"https:\/\/www.ticommunication.eu\/wp-content\/uploads\/2022\/04\/Foto_Blog_Karen-Julia-Vorstellung.jpg","type":"image\/jpeg"}],"author":"ti communication Team","twitter_card":"summary_large_image","twitter_misc":{"Verfasst von":"ti communication Team","Gesch\u00e4tzte Lesezeit":"1\u00a0Minute"},"schema":{"@context":"https:\/\/schema.org","@graph":[{"@type":"Article","@id":"https:\/\/www.ticommunication.eu\/de\/wir-sind-die-neuen-im-team\/#article","isPartOf":{"@id":"https:\/\/www.ticommunication.eu\/de\/wir-sind-die-neuen-im-team\/"},"author":{"name":"ti communication Team","@id":"https:\/\/https\/\/www.ticommunication.eu\/de\/de\/de\/#\/schema\/person\/0d9ea0be943dbdd68953c681882230a5"},"headline":"Wir sind die Neuen im Team!","datePublished":"2022-04-19T14:31:11+00:00","dateModified":"2022-04-21T10:11:41+00:00","mainEntityOfPage":{"@id":"https:\/\/www.ticommunication.eu\/de\/wir-sind-die-neuen-im-team\/"},"wordCount":419,"commentCount":0,"image":{"@id":"https:\/\/www.ticommunication.eu\/de\/wir-sind-die-neuen-im-team\/#primaryimage"},"thumbnailUrl":"https:\/\/www.ticommunication.eu\/wp-content\/uploads\/2022\/04\/Foto_Blog_Karen-Julia-Vorstellung.jpg","keywords":["Marketing","Praktikantinnen","Praktikum","Trainingsorganisation","Vorstellung"],"articleSection":["Wir \u00fcber uns"],"inLanguage":"de","potentialAction":[{"@type":"CommentAction","name":"Comment","target":["https:\/\/www.ticommunication.eu\/de\/wir-sind-die-neuen-im-team\/#respond"]}]},{"@type":"WebPage","@id":"https:\/\/www.ticommunication.eu\/de\/wir-sind-die-neuen-im-team\/","url":"https:\/\/www.ticommunication.eu\/de\/wir-sind-die-neuen-im-team\/","name":"Wir sind die Neuen im Team! - ticommunication","isPartOf":{"@id":"https:\/\/https\/\/www.ticommunication.eu\/de\/de\/de\/#website"},"primaryImageOfPage":{"@id":"https:\/\/www.ticommunication.eu\/de\/wir-sind-die-neuen-im-team\/#primaryimage"},"image":{"@id":"https:\/\/www.ticommunication.eu\/de\/wir-sind-die-neuen-im-team\/#primaryimage"},"thumbnailUrl":"https:\/\/www.ticommunication.eu\/wp-content\/uploads\/2022\/04\/Foto_Blog_Karen-Julia-Vorstellung.jpg","datePublished":"2022-04-19T14:31:11+00:00","dateModified":"2022-04-21T10:11:41+00:00","author":{"@id":"https:\/\/https\/\/www.ticommunication.eu\/de\/de\/de\/#\/schema\/person\/0d9ea0be943dbdd68953c681882230a5"},"breadcrumb":{"@id":"https:\/\/www.ticommunication.eu\/de\/wir-sind-die-neuen-im-team\/#breadcrumb"},"inLanguage":"de","potentialAction":[{"@type":"ReadAction","target":["https:\/\/www.ticommunication.eu\/de\/wir-sind-die-neuen-im-team\/"]}]},{"@type":"ImageObject","inLanguage":"de","@id":"https:\/\/www.ticommunication.eu\/de\/wir-sind-die-neuen-im-team\/#primaryimage","url":"https:\/\/www.ticommunication.eu\/wp-content\/uploads\/2022\/04\/Foto_Blog_Karen-Julia-Vorstellung.jpg","contentUrl":"https:\/\/www.ticommunication.eu\/wp-content\/uploads\/2022\/04\/Foto_Blog_Karen-Julia-Vorstellung.jpg","width":1000,"height":667,"caption":"Praktikantinnen Karen Godec, Julia Carl"},{"@type":"BreadcrumbList","@id":"https:\/\/www.ticommunication.eu\/de\/wir-sind-die-neuen-im-team\/#breadcrumb","itemListElement":[{"@type":"ListItem","position":1,"name":"Startseite","item":"https:\/\/www.ticommunication.eu\/de\/"},{"@type":"ListItem","position":2,"name":"Wir sind die Neuen im Team!"}]},{"@type":"WebSite","@id":"https:\/\/https\/\/www.ticommunication.eu\/de\/de\/de\/#website","url":"https:\/\/https\/\/www.ticommunication.eu\/de\/de\/de\/","name":"ticommunication","description":"think inclusively","potentialAction":[{"@type":"SearchAction","target":{"@type":"EntryPoint","urlTemplate":"https:\/\/https\/\/www.ticommunication.eu\/de\/de\/de\/?s={search_term_string}"},"query-input":{"@type":"PropertyValueSpecification","valueRequired":true,"valueName":"search_term_string"}}],"inLanguage":"de"},{"@type":"Person","@id":"https:\/\/https\/\/www.ticommunication.eu\/de\/de\/de\/#\/schema\/person\/0d9ea0be943dbdd68953c681882230a5","name":"ti communication Team","url":"https:\/\/www.ticommunication.eu\/de\/author\/ticuser\/"}]}},"jetpack_featured_media_url":"https:\/\/www.ticommunication.eu\/wp-content\/uploads\/2022\/04\/Foto_Blog_Karen-Julia-Vorstellung.jpg","ticketed":false,"_links":{"self":[{"href":"https:\/\/www.ticommunication.eu\/de\/wp-json\/wp\/v2\/posts\/7946","targetHints":{"allow":["GET"]}}],"collection":[{"href":"https:\/\/www.ticommunication.eu\/de\/wp-json\/wp\/v2\/posts"}],"about":[{"href":"https:\/\/www.ticommunication.eu\/de\/wp-json\/wp\/v2\/types\/post"}],"author":[{"embeddable":true,"href":"https:\/\/www.ticommunication.eu\/de\/wp-json\/wp\/v2\/users\/2"}],"replies":[{"embeddable":true,"href":"https:\/\/www.ticommunication.eu\/de\/wp-json\/wp\/v2\/comments?post=7946"}],"version-history":[{"count":0,"href":"https:\/\/www.ticommunication.eu\/de\/wp-json\/wp\/v2\/posts\/7946\/revisions"}],"wp:featuredmedia":[{"embeddable":true,"href":"https:\/\/www.ticommunication.eu\/de\/wp-json\/wp\/v2\/media\/7982"}],"wp:attachment":[{"href":"https:\/\/www.ticommunication.eu\/de\/wp-json\/wp\/v2\/media?parent=7946"}],"wp:term":[{"taxonomy":"category","embeddable":true,"href":"https:\/\/www.ticommunication.eu\/de\/wp-json\/wp\/v2\/categories?post=7946"},{"taxonomy":"post_tag","embeddable":true,"href":"https:\/\/www.ticommunication.eu\/de\/wp-json\/wp\/v2\/tags?post=7946"}],"curies":[{"name":"wp","href":"https:\/\/api.w.org\/{rel}","templated":true}]}}