{"id":3726,"date":"2021-06-21T12:08:18","date_gmt":"2021-06-21T10:08:18","guid":{"rendered":"https:\/\/ticommunication.eu\/?p=3726"},"modified":"2022-01-24T17:40:57","modified_gmt":"2022-01-24T16:40:57","slug":"motivation-was-treibt-uns-an","status":"publish","type":"post","link":"https:\/\/www.ticommunication.eu\/de\/motivation-was-treibt-uns-an\/","title":{"rendered":"Motivation: Was treibt uns an?"},"content":{"rendered":"<p>Jedes Individuum hat eigene pers\u00f6nliche Motive f\u00fcr die Arbeit am Arbeitsplatz. <strong>Alles, was Sie durch Ihre Arbeit erhalten, beeinflusst Ihre Motivation, Lebensqualit\u00e4t und Werte. <\/strong>Die absichtlichen und nicht absichtlichen Beweggr\u00fcnde (Motive, Anreize, Impulse, Energie, Stimulus) eines Menschen, etwas anzustreben oder auf etwas zu verzichten, beschreiben die Motivation einer Person. Motivation ber\u00fchrt die Emotionen, f\u00fchrt zur Handlung das Angestrebte in die Tat umzusetzen. Also <strong>\u201eGanz ohne Motivation geht es nicht\u201c<\/strong>. Einige Menschen arbeiten, weil sie ihren Job m\u00f6gen, andere arbeiten f\u00fcr die pers\u00f6nliche und berufliche Realisation usw. Was auch immer Ihre pers\u00f6nlichen Gr\u00fcnde f\u00fcr die Arbeit sind, so arbeitet fast jeder doch f\u00fcr Geld.<\/p>\n","protected":false},"excerpt":{"rendered":"<p>Jedes Individuum hat eigene pers\u00f6nliche Motive f\u00fcr die Arbeit am Arbeitsplatz. Alles, was Sie durch Ihre Arbeit erhalten, beeinflusst Ihre Motivation, Lebensqualit\u00e4t und Werte. Die absichtlichen<span class=\"excerpt-hellip\"> [\u2026]<\/span><\/p>\n","protected":false},"author":2,"featured_media":4124,"comment_status":"open","ping_status":"open","sticky":false,"template":"","format":"standard","meta":{"_custom_body_class":"","_custom_post_class":"","rs_blank_template":"","rs_page_bg_color":"","slide_template_v7":"","_price":"","_stock":"","_tribe_ticket_header":"","_tribe_default_ticket_provider":"","_tribe_ticket_capacity":"0","_ticket_start_date":"","_ticket_end_date":"","_tribe_ticket_show_description":"","_tribe_ticket_show_not_going":false,"_tribe_ticket_use_global_stock":"","_tribe_ticket_global_stock_level":"","_global_stock_mode":"","_global_stock_cap":"","_tribe_rsvp_for_event":"","_tribe_ticket_going_count":"","_tribe_ticket_not_going_count":"","_tribe_tickets_list":"[]","_tribe_ticket_has_attendee_info_fields":false,"footnotes":"","_tec_slr_enabled":"","_tec_slr_layout":""},"categories":[82],"tags":[121,191,168,106],"class_list":["post-3726","post","type-post","status-publish","format-standard","has-post-thumbnail","hentry","category-hr-trends","tag-flexibilitaet","tag-motivation","tag-produktivitaet","tag-zusammenarbeit"],"yoast_head":"<!-- This site is optimized with the Yoast SEO plugin v27.3 - https:\/\/yoast.com\/product\/yoast-seo-wordpress\/ -->\n<title>Motivation: Was treibt uns an? - ticommunication<\/title>\n<meta name=\"robots\" content=\"index, follow, max-snippet:-1, max-image-preview:large, max-video-preview:-1\" \/>\n<link rel=\"canonical\" href=\"https:\/\/www.ticommunication.eu\/de\/motivation-was-treibt-uns-an\/\" \/>\n<meta property=\"og:locale\" content=\"de_DE\" \/>\n<meta property=\"og:type\" content=\"article\" \/>\n<meta property=\"og:title\" content=\"Motivation: Was treibt uns an? - ticommunication\" \/>\n<meta property=\"og:description\" content=\"Jedes Individuum hat eigene pers\u00f6nliche Motive f\u00fcr die Arbeit am Arbeitsplatz. Alles, was Sie durch Ihre Arbeit erhalten, beeinflusst Ihre Motivation, Lebensqualit\u00e4t und Werte. Die absichtlichen [\u2026]\" \/>\n<meta property=\"og:url\" content=\"https:\/\/www.ticommunication.eu\/de\/motivation-was-treibt-uns-an\/\" \/>\n<meta property=\"og:site_name\" content=\"ticommunication\" \/>\n<meta property=\"article:published_time\" content=\"2021-06-21T10:08:18+00:00\" \/>\n<meta property=\"article:modified_time\" content=\"2022-01-24T16:40:57+00:00\" \/>\n<meta property=\"og:image\" content=\"https:\/\/www.ticommunication.eu\/wp-content\/uploads\/2021\/05\/Motivation_Beitragsbild.jpg\" \/>\n\t<meta property=\"og:image:width\" content=\"1000\" \/>\n\t<meta property=\"og:image:height\" content=\"667\" \/>\n\t<meta property=\"og:image:type\" content=\"image\/jpeg\" \/>\n<meta name=\"author\" content=\"ti communication Team\" \/>\n<meta name=\"twitter:card\" content=\"summary_large_image\" \/>\n<meta name=\"twitter:label1\" content=\"Verfasst von\" \/>\n\t<meta name=\"twitter:data1\" content=\"ti communication Team\" \/>\n\t<meta name=\"twitter:label2\" content=\"Gesch\u00e4tzte Lesezeit\" \/>\n\t<meta name=\"twitter:data2\" content=\"1\u00a0Minute\" \/>\n<script type=\"application\/ld+json\" class=\"yoast-schema-graph\">{\"@context\":\"https:\\\/\\\/schema.org\",\"@graph\":[{\"@type\":\"Article\",\"@id\":\"https:\\\/\\\/www.ticommunication.eu\\\/de\\\/motivation-was-treibt-uns-an\\\/#article\",\"isPartOf\":{\"@id\":\"https:\\\/\\\/www.ticommunication.eu\\\/de\\\/motivation-was-treibt-uns-an\\\/\"},\"author\":{\"name\":\"ti communication Team\",\"@id\":\"https:\\\/\\\/https\\\/\\\/www.ticommunication.eu\\\/de\\\/de\\\/#\\\/schema\\\/person\\\/0d9ea0be943dbdd68953c681882230a5\"},\"headline\":\"Motivation: Was treibt uns an?\",\"datePublished\":\"2021-06-21T10:08:18+00:00\",\"dateModified\":\"2022-01-24T16:40:57+00:00\",\"mainEntityOfPage\":{\"@id\":\"https:\\\/\\\/www.ticommunication.eu\\\/de\\\/motivation-was-treibt-uns-an\\\/\"},\"wordCount\":121,\"commentCount\":0,\"image\":{\"@id\":\"https:\\\/\\\/www.ticommunication.eu\\\/de\\\/motivation-was-treibt-uns-an\\\/#primaryimage\"},\"thumbnailUrl\":\"https:\\\/\\\/www.ticommunication.eu\\\/wp-content\\\/uploads\\\/2021\\\/05\\\/Motivation_Beitragsbild.jpg\",\"keywords\":[\"Flexibilit\u00e4t\",\"Motivation\",\"Produktivit\u00e4t\",\"Zusammenarbeit\"],\"articleSection\":[\"HR-Trends\"],\"inLanguage\":\"de\",\"potentialAction\":[{\"@type\":\"CommentAction\",\"name\":\"Comment\",\"target\":[\"https:\\\/\\\/www.ticommunication.eu\\\/de\\\/motivation-was-treibt-uns-an\\\/#respond\"]}]},{\"@type\":\"WebPage\",\"@id\":\"https:\\\/\\\/www.ticommunication.eu\\\/de\\\/motivation-was-treibt-uns-an\\\/\",\"url\":\"https:\\\/\\\/www.ticommunication.eu\\\/de\\\/motivation-was-treibt-uns-an\\\/\",\"name\":\"Motivation: Was treibt uns an? - ticommunication\",\"isPartOf\":{\"@id\":\"https:\\\/\\\/https\\\/\\\/www.ticommunication.eu\\\/de\\\/de\\\/#website\"},\"primaryImageOfPage\":{\"@id\":\"https:\\\/\\\/www.ticommunication.eu\\\/de\\\/motivation-was-treibt-uns-an\\\/#primaryimage\"},\"image\":{\"@id\":\"https:\\\/\\\/www.ticommunication.eu\\\/de\\\/motivation-was-treibt-uns-an\\\/#primaryimage\"},\"thumbnailUrl\":\"https:\\\/\\\/www.ticommunication.eu\\\/wp-content\\\/uploads\\\/2021\\\/05\\\/Motivation_Beitragsbild.jpg\",\"datePublished\":\"2021-06-21T10:08:18+00:00\",\"dateModified\":\"2022-01-24T16:40:57+00:00\",\"author\":{\"@id\":\"https:\\\/\\\/https\\\/\\\/www.ticommunication.eu\\\/de\\\/de\\\/#\\\/schema\\\/person\\\/0d9ea0be943dbdd68953c681882230a5\"},\"breadcrumb\":{\"@id\":\"https:\\\/\\\/www.ticommunication.eu\\\/de\\\/motivation-was-treibt-uns-an\\\/#breadcrumb\"},\"inLanguage\":\"de\",\"potentialAction\":[{\"@type\":\"ReadAction\",\"target\":[\"https:\\\/\\\/www.ticommunication.eu\\\/de\\\/motivation-was-treibt-uns-an\\\/\"]}]},{\"@type\":\"ImageObject\",\"inLanguage\":\"de\",\"@id\":\"https:\\\/\\\/www.ticommunication.eu\\\/de\\\/motivation-was-treibt-uns-an\\\/#primaryimage\",\"url\":\"https:\\\/\\\/www.ticommunication.eu\\\/wp-content\\\/uploads\\\/2021\\\/05\\\/Motivation_Beitragsbild.jpg\",\"contentUrl\":\"https:\\\/\\\/www.ticommunication.eu\\\/wp-content\\\/uploads\\\/2021\\\/05\\\/Motivation_Beitragsbild.jpg\",\"width\":1000,\"height\":667,\"caption\":\"Mann vor einem Berg springt motiviert\"},{\"@type\":\"BreadcrumbList\",\"@id\":\"https:\\\/\\\/www.ticommunication.eu\\\/de\\\/motivation-was-treibt-uns-an\\\/#breadcrumb\",\"itemListElement\":[{\"@type\":\"ListItem\",\"position\":1,\"name\":\"Startseite\",\"item\":\"https:\\\/\\\/www.ticommunication.eu\\\/de\\\/\"},{\"@type\":\"ListItem\",\"position\":2,\"name\":\"Motivation: Was treibt uns an?\"}]},{\"@type\":\"WebSite\",\"@id\":\"https:\\\/\\\/https\\\/\\\/www.ticommunication.eu\\\/de\\\/de\\\/#website\",\"url\":\"https:\\\/\\\/https\\\/\\\/www.ticommunication.eu\\\/de\\\/de\\\/\",\"name\":\"ticommunication\",\"description\":\"think inclusively\",\"potentialAction\":[{\"@type\":\"SearchAction\",\"target\":{\"@type\":\"EntryPoint\",\"urlTemplate\":\"https:\\\/\\\/https\\\/\\\/www.ticommunication.eu\\\/de\\\/de\\\/?s={search_term_string}\"},\"query-input\":{\"@type\":\"PropertyValueSpecification\",\"valueRequired\":true,\"valueName\":\"search_term_string\"}}],\"inLanguage\":\"de\"},{\"@type\":\"Person\",\"@id\":\"https:\\\/\\\/https\\\/\\\/www.ticommunication.eu\\\/de\\\/de\\\/#\\\/schema\\\/person\\\/0d9ea0be943dbdd68953c681882230a5\",\"name\":\"ti communication Team\",\"url\":\"https:\\\/\\\/www.ticommunication.eu\\\/de\\\/author\\\/ticuser\\\/\"}]}<\/script>\n<!-- \/ Yoast SEO plugin. -->","yoast_head_json":{"title":"Motivation: Was treibt uns an? - ticommunication","robots":{"index":"index","follow":"follow","max-snippet":"max-snippet:-1","max-image-preview":"max-image-preview:large","max-video-preview":"max-video-preview:-1"},"canonical":"https:\/\/www.ticommunication.eu\/de\/motivation-was-treibt-uns-an\/","og_locale":"de_DE","og_type":"article","og_title":"Motivation: Was treibt uns an? - ticommunication","og_description":"Jedes Individuum hat eigene pers\u00f6nliche Motive f\u00fcr die Arbeit am Arbeitsplatz. Alles, was Sie durch Ihre Arbeit erhalten, beeinflusst Ihre Motivation, Lebensqualit\u00e4t und Werte. Die absichtlichen [\u2026]","og_url":"https:\/\/www.ticommunication.eu\/de\/motivation-was-treibt-uns-an\/","og_site_name":"ticommunication","article_published_time":"2021-06-21T10:08:18+00:00","article_modified_time":"2022-01-24T16:40:57+00:00","og_image":[{"width":1000,"height":667,"url":"https:\/\/www.ticommunication.eu\/wp-content\/uploads\/2021\/05\/Motivation_Beitragsbild.jpg","type":"image\/jpeg"}],"author":"ti communication Team","twitter_card":"summary_large_image","twitter_misc":{"Verfasst von":"ti communication Team","Gesch\u00e4tzte Lesezeit":"1\u00a0Minute"},"schema":{"@context":"https:\/\/schema.org","@graph":[{"@type":"Article","@id":"https:\/\/www.ticommunication.eu\/de\/motivation-was-treibt-uns-an\/#article","isPartOf":{"@id":"https:\/\/www.ticommunication.eu\/de\/motivation-was-treibt-uns-an\/"},"author":{"name":"ti communication Team","@id":"https:\/\/https\/\/www.ticommunication.eu\/de\/de\/de\/#\/schema\/person\/0d9ea0be943dbdd68953c681882230a5"},"headline":"Motivation: Was treibt uns an?","datePublished":"2021-06-21T10:08:18+00:00","dateModified":"2022-01-24T16:40:57+00:00","mainEntityOfPage":{"@id":"https:\/\/www.ticommunication.eu\/de\/motivation-was-treibt-uns-an\/"},"wordCount":121,"commentCount":0,"image":{"@id":"https:\/\/www.ticommunication.eu\/de\/motivation-was-treibt-uns-an\/#primaryimage"},"thumbnailUrl":"https:\/\/www.ticommunication.eu\/wp-content\/uploads\/2021\/05\/Motivation_Beitragsbild.jpg","keywords":["Flexibilit\u00e4t","Motivation","Produktivit\u00e4t","Zusammenarbeit"],"articleSection":["HR-Trends"],"inLanguage":"de","potentialAction":[{"@type":"CommentAction","name":"Comment","target":["https:\/\/www.ticommunication.eu\/de\/motivation-was-treibt-uns-an\/#respond"]}]},{"@type":"WebPage","@id":"https:\/\/www.ticommunication.eu\/de\/motivation-was-treibt-uns-an\/","url":"https:\/\/www.ticommunication.eu\/de\/motivation-was-treibt-uns-an\/","name":"Motivation: Was treibt uns an? - ticommunication","isPartOf":{"@id":"https:\/\/https\/\/www.ticommunication.eu\/de\/de\/de\/#website"},"primaryImageOfPage":{"@id":"https:\/\/www.ticommunication.eu\/de\/motivation-was-treibt-uns-an\/#primaryimage"},"image":{"@id":"https:\/\/www.ticommunication.eu\/de\/motivation-was-treibt-uns-an\/#primaryimage"},"thumbnailUrl":"https:\/\/www.ticommunication.eu\/wp-content\/uploads\/2021\/05\/Motivation_Beitragsbild.jpg","datePublished":"2021-06-21T10:08:18+00:00","dateModified":"2022-01-24T16:40:57+00:00","author":{"@id":"https:\/\/https\/\/www.ticommunication.eu\/de\/de\/de\/#\/schema\/person\/0d9ea0be943dbdd68953c681882230a5"},"breadcrumb":{"@id":"https:\/\/www.ticommunication.eu\/de\/motivation-was-treibt-uns-an\/#breadcrumb"},"inLanguage":"de","potentialAction":[{"@type":"ReadAction","target":["https:\/\/www.ticommunication.eu\/de\/motivation-was-treibt-uns-an\/"]}]},{"@type":"ImageObject","inLanguage":"de","@id":"https:\/\/www.ticommunication.eu\/de\/motivation-was-treibt-uns-an\/#primaryimage","url":"https:\/\/www.ticommunication.eu\/wp-content\/uploads\/2021\/05\/Motivation_Beitragsbild.jpg","contentUrl":"https:\/\/www.ticommunication.eu\/wp-content\/uploads\/2021\/05\/Motivation_Beitragsbild.jpg","width":1000,"height":667,"caption":"Mann vor einem Berg springt motiviert"},{"@type":"BreadcrumbList","@id":"https:\/\/www.ticommunication.eu\/de\/motivation-was-treibt-uns-an\/#breadcrumb","itemListElement":[{"@type":"ListItem","position":1,"name":"Startseite","item":"https:\/\/www.ticommunication.eu\/de\/"},{"@type":"ListItem","position":2,"name":"Motivation: Was treibt uns an?"}]},{"@type":"WebSite","@id":"https:\/\/https\/\/www.ticommunication.eu\/de\/de\/de\/#website","url":"https:\/\/https\/\/www.ticommunication.eu\/de\/de\/de\/","name":"ticommunication","description":"think inclusively","potentialAction":[{"@type":"SearchAction","target":{"@type":"EntryPoint","urlTemplate":"https:\/\/https\/\/www.ticommunication.eu\/de\/de\/de\/?s={search_term_string}"},"query-input":{"@type":"PropertyValueSpecification","valueRequired":true,"valueName":"search_term_string"}}],"inLanguage":"de"},{"@type":"Person","@id":"https:\/\/https\/\/www.ticommunication.eu\/de\/de\/de\/#\/schema\/person\/0d9ea0be943dbdd68953c681882230a5","name":"ti communication Team","url":"https:\/\/www.ticommunication.eu\/de\/author\/ticuser\/"}]}},"jetpack_featured_media_url":"https:\/\/www.ticommunication.eu\/wp-content\/uploads\/2021\/05\/Motivation_Beitragsbild.jpg","ticketed":false,"_links":{"self":[{"href":"https:\/\/www.ticommunication.eu\/de\/wp-json\/wp\/v2\/posts\/3726","targetHints":{"allow":["GET"]}}],"collection":[{"href":"https:\/\/www.ticommunication.eu\/de\/wp-json\/wp\/v2\/posts"}],"about":[{"href":"https:\/\/www.ticommunication.eu\/de\/wp-json\/wp\/v2\/types\/post"}],"author":[{"embeddable":true,"href":"https:\/\/www.ticommunication.eu\/de\/wp-json\/wp\/v2\/users\/2"}],"replies":[{"embeddable":true,"href":"https:\/\/www.ticommunication.eu\/de\/wp-json\/wp\/v2\/comments?post=3726"}],"version-history":[{"count":0,"href":"https:\/\/www.ticommunication.eu\/de\/wp-json\/wp\/v2\/posts\/3726\/revisions"}],"wp:featuredmedia":[{"embeddable":true,"href":"https:\/\/www.ticommunication.eu\/de\/wp-json\/wp\/v2\/media\/4124"}],"wp:attachment":[{"href":"https:\/\/www.ticommunication.eu\/de\/wp-json\/wp\/v2\/media?parent=3726"}],"wp:term":[{"taxonomy":"category","embeddable":true,"href":"https:\/\/www.ticommunication.eu\/de\/wp-json\/wp\/v2\/categories?post=3726"},{"taxonomy":"post_tag","embeddable":true,"href":"https:\/\/www.ticommunication.eu\/de\/wp-json\/wp\/v2\/tags?post=3726"}],"curies":[{"name":"wp","href":"https:\/\/api.w.org\/{rel}","templated":true}]}}