{"id":11672,"date":"2024-02-22T12:13:48","date_gmt":"2024-02-22T11:13:48","guid":{"rendered":"https:\/\/ticommunication.eu\/?p=11672"},"modified":"2024-08-09T12:58:09","modified_gmt":"2024-08-09T10:58:09","slug":"das-laternenfest-eine-glanzvolle-feier-des-lichts-und-der-gemeinschaft","status":"publish","type":"post","link":"https:\/\/www.ticommunication.eu\/de\/das-laternenfest-eine-glanzvolle-feier-des-lichts-und-der-gemeinschaft\/","title":{"rendered":"Das Laternenfest: Eine Glanzvolle Feier des Lichts und der Gemeinschaft"},"content":{"rendered":"<p>Das Laternenfest ist eine faszinierende Feier, die Licht, Gemeinschaft und Tradition vereint. Durch seine bunten Laternen, fr\u00f6hlichen Br\u00e4uche und tiefgreifenden Bedeutungen bietet dieses Fest eine wunderbare Gelegenheit, um die Sch\u00f6nheit der asiatischen Kultur zu erleben und zu feiern. M\u00f6ge das Licht des Laternenfests Hoffnung und Gl\u00fcck in die Herzen aller bringen und die Welt mit seiner strahlenden Pracht erhellen.<\/p>\n","protected":false},"excerpt":{"rendered":"<p>Das Laternenfest ist eine faszinierende Feier, die Licht, Gemeinschaft und Tradition vereint. Durch seine bunten Laternen, fr\u00f6hlichen Br\u00e4uche und tiefgreifenden Bedeutungen bietet dieses Fest eine wunderbare<span class=\"excerpt-hellip\"> [\u2026]<\/span><\/p>\n","protected":false},"author":2,"featured_media":11675,"comment_status":"open","ping_status":"open","sticky":false,"template":"","format":"standard","meta":{"_custom_body_class":"","_custom_post_class":"","rs_blank_template":"","rs_page_bg_color":"","slide_template_v7":"","_price":"","_stock":"","_tribe_ticket_header":"","_tribe_default_ticket_provider":"","_tribe_ticket_capacity":"0","_ticket_start_date":"","_ticket_end_date":"","_tribe_ticket_show_description":"","_tribe_ticket_show_not_going":false,"_tribe_ticket_use_global_stock":"","_tribe_ticket_global_stock_level":"","_global_stock_mode":"","_global_stock_cap":"","_tribe_rsvp_for_event":"","_tribe_ticket_going_count":"","_tribe_ticket_not_going_count":"","_tribe_tickets_list":"[]","_tribe_ticket_has_attendee_info_fields":false,"footnotes":"","_tec_slr_enabled":"","_tec_slr_layout":""},"categories":[90],"tags":[343,155,588,837,838],"class_list":["post-11672","post","type-post","status-publish","format-standard","has-post-thumbnail","hentry","category-kulturen-verstehen","tag-asien","tag-culture","tag-feiertag","tag-laternenfest","tag-tradition"],"yoast_head":"<!-- This site is optimized with the Yoast SEO plugin v27.3 - https:\/\/yoast.com\/product\/yoast-seo-wordpress\/ -->\n<title>Das Laternenfest: Eine Glanzvolle Feier des Lichts und der Gemeinschaft - ticommunication<\/title>\n<meta name=\"robots\" content=\"index, follow, max-snippet:-1, max-image-preview:large, max-video-preview:-1\" \/>\n<link rel=\"canonical\" href=\"https:\/\/www.ticommunication.eu\/de\/das-laternenfest-eine-glanzvolle-feier-des-lichts-und-der-gemeinschaft\/\" \/>\n<meta property=\"og:locale\" content=\"de_DE\" \/>\n<meta property=\"og:type\" content=\"article\" \/>\n<meta property=\"og:title\" content=\"Das Laternenfest: Eine Glanzvolle Feier des Lichts und der Gemeinschaft - ticommunication\" \/>\n<meta property=\"og:description\" content=\"Das Laternenfest ist eine faszinierende Feier, die Licht, Gemeinschaft und Tradition vereint. Durch seine bunten Laternen, fr\u00f6hlichen Br\u00e4uche und tiefgreifenden Bedeutungen bietet dieses Fest eine wunderbare [\u2026]\" \/>\n<meta property=\"og:url\" content=\"https:\/\/www.ticommunication.eu\/de\/das-laternenfest-eine-glanzvolle-feier-des-lichts-und-der-gemeinschaft\/\" \/>\n<meta property=\"og:site_name\" content=\"ticommunication\" \/>\n<meta property=\"article:published_time\" content=\"2024-02-22T11:13:48+00:00\" \/>\n<meta property=\"article:modified_time\" content=\"2024-08-09T10:58:09+00:00\" \/>\n<meta property=\"og:image\" content=\"https:\/\/www.ticommunication.eu\/wp-content\/uploads\/2024\/02\/Laternenfest.png\" \/>\n\t<meta property=\"og:image:width\" content=\"1000\" \/>\n\t<meta property=\"og:image:height\" content=\"667\" \/>\n\t<meta property=\"og:image:type\" content=\"image\/png\" \/>\n<meta name=\"author\" content=\"ti communication Team\" \/>\n<meta name=\"twitter:card\" content=\"summary_large_image\" \/>\n<meta name=\"twitter:label1\" content=\"Verfasst von\" \/>\n\t<meta name=\"twitter:data1\" content=\"ti communication Team\" \/>\n\t<meta name=\"twitter:label2\" content=\"Gesch\u00e4tzte Lesezeit\" \/>\n\t<meta name=\"twitter:data2\" content=\"1\u00a0Minute\" \/>\n<script type=\"application\/ld+json\" class=\"yoast-schema-graph\">{\"@context\":\"https:\\\/\\\/schema.org\",\"@graph\":[{\"@type\":\"Article\",\"@id\":\"https:\\\/\\\/www.ticommunication.eu\\\/de\\\/das-laternenfest-eine-glanzvolle-feier-des-lichts-und-der-gemeinschaft\\\/#article\",\"isPartOf\":{\"@id\":\"https:\\\/\\\/www.ticommunication.eu\\\/de\\\/das-laternenfest-eine-glanzvolle-feier-des-lichts-und-der-gemeinschaft\\\/\"},\"author\":{\"name\":\"ti communication Team\",\"@id\":\"https:\\\/\\\/https\\\/\\\/www.ticommunication.eu\\\/de\\\/de\\\/#\\\/schema\\\/person\\\/0d9ea0be943dbdd68953c681882230a5\"},\"headline\":\"Das Laternenfest: Eine Glanzvolle Feier des Lichts und der Gemeinschaft\",\"datePublished\":\"2024-02-22T11:13:48+00:00\",\"dateModified\":\"2024-08-09T10:58:09+00:00\",\"mainEntityOfPage\":{\"@id\":\"https:\\\/\\\/www.ticommunication.eu\\\/de\\\/das-laternenfest-eine-glanzvolle-feier-des-lichts-und-der-gemeinschaft\\\/\"},\"wordCount\":74,\"commentCount\":0,\"image\":{\"@id\":\"https:\\\/\\\/www.ticommunication.eu\\\/de\\\/das-laternenfest-eine-glanzvolle-feier-des-lichts-und-der-gemeinschaft\\\/#primaryimage\"},\"thumbnailUrl\":\"https:\\\/\\\/www.ticommunication.eu\\\/wp-content\\\/uploads\\\/2024\\\/02\\\/Laternenfest.png\",\"keywords\":[\"Asien\",\"culture\",\"Feiertag\",\"Laternenfest\",\"Tradition\"],\"articleSection\":[\"Kulturen verstehen\"],\"inLanguage\":\"de\",\"potentialAction\":[{\"@type\":\"CommentAction\",\"name\":\"Comment\",\"target\":[\"https:\\\/\\\/www.ticommunication.eu\\\/de\\\/das-laternenfest-eine-glanzvolle-feier-des-lichts-und-der-gemeinschaft\\\/#respond\"]}]},{\"@type\":\"WebPage\",\"@id\":\"https:\\\/\\\/www.ticommunication.eu\\\/de\\\/das-laternenfest-eine-glanzvolle-feier-des-lichts-und-der-gemeinschaft\\\/\",\"url\":\"https:\\\/\\\/www.ticommunication.eu\\\/de\\\/das-laternenfest-eine-glanzvolle-feier-des-lichts-und-der-gemeinschaft\\\/\",\"name\":\"Das Laternenfest: Eine Glanzvolle Feier des Lichts und der Gemeinschaft - ticommunication\",\"isPartOf\":{\"@id\":\"https:\\\/\\\/https\\\/\\\/www.ticommunication.eu\\\/de\\\/de\\\/#website\"},\"primaryImageOfPage\":{\"@id\":\"https:\\\/\\\/www.ticommunication.eu\\\/de\\\/das-laternenfest-eine-glanzvolle-feier-des-lichts-und-der-gemeinschaft\\\/#primaryimage\"},\"image\":{\"@id\":\"https:\\\/\\\/www.ticommunication.eu\\\/de\\\/das-laternenfest-eine-glanzvolle-feier-des-lichts-und-der-gemeinschaft\\\/#primaryimage\"},\"thumbnailUrl\":\"https:\\\/\\\/www.ticommunication.eu\\\/wp-content\\\/uploads\\\/2024\\\/02\\\/Laternenfest.png\",\"datePublished\":\"2024-02-22T11:13:48+00:00\",\"dateModified\":\"2024-08-09T10:58:09+00:00\",\"author\":{\"@id\":\"https:\\\/\\\/https\\\/\\\/www.ticommunication.eu\\\/de\\\/de\\\/#\\\/schema\\\/person\\\/0d9ea0be943dbdd68953c681882230a5\"},\"breadcrumb\":{\"@id\":\"https:\\\/\\\/www.ticommunication.eu\\\/de\\\/das-laternenfest-eine-glanzvolle-feier-des-lichts-und-der-gemeinschaft\\\/#breadcrumb\"},\"inLanguage\":\"de\",\"potentialAction\":[{\"@type\":\"ReadAction\",\"target\":[\"https:\\\/\\\/www.ticommunication.eu\\\/de\\\/das-laternenfest-eine-glanzvolle-feier-des-lichts-und-der-gemeinschaft\\\/\"]}]},{\"@type\":\"ImageObject\",\"inLanguage\":\"de\",\"@id\":\"https:\\\/\\\/www.ticommunication.eu\\\/de\\\/das-laternenfest-eine-glanzvolle-feier-des-lichts-und-der-gemeinschaft\\\/#primaryimage\",\"url\":\"https:\\\/\\\/www.ticommunication.eu\\\/wp-content\\\/uploads\\\/2024\\\/02\\\/Laternenfest.png\",\"contentUrl\":\"https:\\\/\\\/www.ticommunication.eu\\\/wp-content\\\/uploads\\\/2024\\\/02\\\/Laternenfest.png\",\"width\":1000,\"height\":667},{\"@type\":\"BreadcrumbList\",\"@id\":\"https:\\\/\\\/www.ticommunication.eu\\\/de\\\/das-laternenfest-eine-glanzvolle-feier-des-lichts-und-der-gemeinschaft\\\/#breadcrumb\",\"itemListElement\":[{\"@type\":\"ListItem\",\"position\":1,\"name\":\"Startseite\",\"item\":\"https:\\\/\\\/www.ticommunication.eu\\\/de\\\/\"},{\"@type\":\"ListItem\",\"position\":2,\"name\":\"Das Laternenfest: Eine Glanzvolle Feier des Lichts und der Gemeinschaft\"}]},{\"@type\":\"WebSite\",\"@id\":\"https:\\\/\\\/https\\\/\\\/www.ticommunication.eu\\\/de\\\/de\\\/#website\",\"url\":\"https:\\\/\\\/https\\\/\\\/www.ticommunication.eu\\\/de\\\/de\\\/\",\"name\":\"ticommunication\",\"description\":\"think inclusively\",\"potentialAction\":[{\"@type\":\"SearchAction\",\"target\":{\"@type\":\"EntryPoint\",\"urlTemplate\":\"https:\\\/\\\/https\\\/\\\/www.ticommunication.eu\\\/de\\\/de\\\/?s={search_term_string}\"},\"query-input\":{\"@type\":\"PropertyValueSpecification\",\"valueRequired\":true,\"valueName\":\"search_term_string\"}}],\"inLanguage\":\"de\"},{\"@type\":\"Person\",\"@id\":\"https:\\\/\\\/https\\\/\\\/www.ticommunication.eu\\\/de\\\/de\\\/#\\\/schema\\\/person\\\/0d9ea0be943dbdd68953c681882230a5\",\"name\":\"ti communication Team\",\"url\":\"https:\\\/\\\/www.ticommunication.eu\\\/de\\\/author\\\/ticuser\\\/\"}]}<\/script>\n<!-- \/ Yoast SEO plugin. -->","yoast_head_json":{"title":"Das Laternenfest: Eine Glanzvolle Feier des Lichts und der Gemeinschaft - ticommunication","robots":{"index":"index","follow":"follow","max-snippet":"max-snippet:-1","max-image-preview":"max-image-preview:large","max-video-preview":"max-video-preview:-1"},"canonical":"https:\/\/www.ticommunication.eu\/de\/das-laternenfest-eine-glanzvolle-feier-des-lichts-und-der-gemeinschaft\/","og_locale":"de_DE","og_type":"article","og_title":"Das Laternenfest: Eine Glanzvolle Feier des Lichts und der Gemeinschaft - ticommunication","og_description":"Das Laternenfest ist eine faszinierende Feier, die Licht, Gemeinschaft und Tradition vereint. Durch seine bunten Laternen, fr\u00f6hlichen Br\u00e4uche und tiefgreifenden Bedeutungen bietet dieses Fest eine wunderbare [\u2026]","og_url":"https:\/\/www.ticommunication.eu\/de\/das-laternenfest-eine-glanzvolle-feier-des-lichts-und-der-gemeinschaft\/","og_site_name":"ticommunication","article_published_time":"2024-02-22T11:13:48+00:00","article_modified_time":"2024-08-09T10:58:09+00:00","og_image":[{"width":1000,"height":667,"url":"https:\/\/www.ticommunication.eu\/wp-content\/uploads\/2024\/02\/Laternenfest.png","type":"image\/png"}],"author":"ti communication Team","twitter_card":"summary_large_image","twitter_misc":{"Verfasst von":"ti communication Team","Gesch\u00e4tzte Lesezeit":"1\u00a0Minute"},"schema":{"@context":"https:\/\/schema.org","@graph":[{"@type":"Article","@id":"https:\/\/www.ticommunication.eu\/de\/das-laternenfest-eine-glanzvolle-feier-des-lichts-und-der-gemeinschaft\/#article","isPartOf":{"@id":"https:\/\/www.ticommunication.eu\/de\/das-laternenfest-eine-glanzvolle-feier-des-lichts-und-der-gemeinschaft\/"},"author":{"name":"ti communication Team","@id":"https:\/\/https\/\/www.ticommunication.eu\/de\/de\/de\/#\/schema\/person\/0d9ea0be943dbdd68953c681882230a5"},"headline":"Das Laternenfest: Eine Glanzvolle Feier des Lichts und der Gemeinschaft","datePublished":"2024-02-22T11:13:48+00:00","dateModified":"2024-08-09T10:58:09+00:00","mainEntityOfPage":{"@id":"https:\/\/www.ticommunication.eu\/de\/das-laternenfest-eine-glanzvolle-feier-des-lichts-und-der-gemeinschaft\/"},"wordCount":74,"commentCount":0,"image":{"@id":"https:\/\/www.ticommunication.eu\/de\/das-laternenfest-eine-glanzvolle-feier-des-lichts-und-der-gemeinschaft\/#primaryimage"},"thumbnailUrl":"https:\/\/www.ticommunication.eu\/wp-content\/uploads\/2024\/02\/Laternenfest.png","keywords":["Asien","culture","Feiertag","Laternenfest","Tradition"],"articleSection":["Kulturen verstehen"],"inLanguage":"de","potentialAction":[{"@type":"CommentAction","name":"Comment","target":["https:\/\/www.ticommunication.eu\/de\/das-laternenfest-eine-glanzvolle-feier-des-lichts-und-der-gemeinschaft\/#respond"]}]},{"@type":"WebPage","@id":"https:\/\/www.ticommunication.eu\/de\/das-laternenfest-eine-glanzvolle-feier-des-lichts-und-der-gemeinschaft\/","url":"https:\/\/www.ticommunication.eu\/de\/das-laternenfest-eine-glanzvolle-feier-des-lichts-und-der-gemeinschaft\/","name":"Das Laternenfest: Eine Glanzvolle Feier des Lichts und der Gemeinschaft - ticommunication","isPartOf":{"@id":"https:\/\/https\/\/www.ticommunication.eu\/de\/de\/de\/#website"},"primaryImageOfPage":{"@id":"https:\/\/www.ticommunication.eu\/de\/das-laternenfest-eine-glanzvolle-feier-des-lichts-und-der-gemeinschaft\/#primaryimage"},"image":{"@id":"https:\/\/www.ticommunication.eu\/de\/das-laternenfest-eine-glanzvolle-feier-des-lichts-und-der-gemeinschaft\/#primaryimage"},"thumbnailUrl":"https:\/\/www.ticommunication.eu\/wp-content\/uploads\/2024\/02\/Laternenfest.png","datePublished":"2024-02-22T11:13:48+00:00","dateModified":"2024-08-09T10:58:09+00:00","author":{"@id":"https:\/\/https\/\/www.ticommunication.eu\/de\/de\/de\/#\/schema\/person\/0d9ea0be943dbdd68953c681882230a5"},"breadcrumb":{"@id":"https:\/\/www.ticommunication.eu\/de\/das-laternenfest-eine-glanzvolle-feier-des-lichts-und-der-gemeinschaft\/#breadcrumb"},"inLanguage":"de","potentialAction":[{"@type":"ReadAction","target":["https:\/\/www.ticommunication.eu\/de\/das-laternenfest-eine-glanzvolle-feier-des-lichts-und-der-gemeinschaft\/"]}]},{"@type":"ImageObject","inLanguage":"de","@id":"https:\/\/www.ticommunication.eu\/de\/das-laternenfest-eine-glanzvolle-feier-des-lichts-und-der-gemeinschaft\/#primaryimage","url":"https:\/\/www.ticommunication.eu\/wp-content\/uploads\/2024\/02\/Laternenfest.png","contentUrl":"https:\/\/www.ticommunication.eu\/wp-content\/uploads\/2024\/02\/Laternenfest.png","width":1000,"height":667},{"@type":"BreadcrumbList","@id":"https:\/\/www.ticommunication.eu\/de\/das-laternenfest-eine-glanzvolle-feier-des-lichts-und-der-gemeinschaft\/#breadcrumb","itemListElement":[{"@type":"ListItem","position":1,"name":"Startseite","item":"https:\/\/www.ticommunication.eu\/de\/"},{"@type":"ListItem","position":2,"name":"Das Laternenfest: Eine Glanzvolle Feier des Lichts und der Gemeinschaft"}]},{"@type":"WebSite","@id":"https:\/\/https\/\/www.ticommunication.eu\/de\/de\/de\/#website","url":"https:\/\/https\/\/www.ticommunication.eu\/de\/de\/de\/","name":"ticommunication","description":"think inclusively","potentialAction":[{"@type":"SearchAction","target":{"@type":"EntryPoint","urlTemplate":"https:\/\/https\/\/www.ticommunication.eu\/de\/de\/de\/?s={search_term_string}"},"query-input":{"@type":"PropertyValueSpecification","valueRequired":true,"valueName":"search_term_string"}}],"inLanguage":"de"},{"@type":"Person","@id":"https:\/\/https\/\/www.ticommunication.eu\/de\/de\/de\/#\/schema\/person\/0d9ea0be943dbdd68953c681882230a5","name":"ti communication Team","url":"https:\/\/www.ticommunication.eu\/de\/author\/ticuser\/"}]}},"jetpack_featured_media_url":"https:\/\/www.ticommunication.eu\/wp-content\/uploads\/2024\/02\/Laternenfest.png","ticketed":false,"_links":{"self":[{"href":"https:\/\/www.ticommunication.eu\/de\/wp-json\/wp\/v2\/posts\/11672","targetHints":{"allow":["GET"]}}],"collection":[{"href":"https:\/\/www.ticommunication.eu\/de\/wp-json\/wp\/v2\/posts"}],"about":[{"href":"https:\/\/www.ticommunication.eu\/de\/wp-json\/wp\/v2\/types\/post"}],"author":[{"embeddable":true,"href":"https:\/\/www.ticommunication.eu\/de\/wp-json\/wp\/v2\/users\/2"}],"replies":[{"embeddable":true,"href":"https:\/\/www.ticommunication.eu\/de\/wp-json\/wp\/v2\/comments?post=11672"}],"version-history":[{"count":0,"href":"https:\/\/www.ticommunication.eu\/de\/wp-json\/wp\/v2\/posts\/11672\/revisions"}],"wp:featuredmedia":[{"embeddable":true,"href":"https:\/\/www.ticommunication.eu\/de\/wp-json\/wp\/v2\/media\/11675"}],"wp:attachment":[{"href":"https:\/\/www.ticommunication.eu\/de\/wp-json\/wp\/v2\/media?parent=11672"}],"wp:term":[{"taxonomy":"category","embeddable":true,"href":"https:\/\/www.ticommunication.eu\/de\/wp-json\/wp\/v2\/categories?post=11672"},{"taxonomy":"post_tag","embeddable":true,"href":"https:\/\/www.ticommunication.eu\/de\/wp-json\/wp\/v2\/tags?post=11672"}],"curies":[{"name":"wp","href":"https:\/\/api.w.org\/{rel}","templated":true}]}}