{"id":7893,"global_id":"www.ticommunication.eu\/de\/?id=7893","global_id_lineage":["www.ticommunication.eu\/de\/?id=7893"],"author":"2","status":"publish","date":"2022-04-07 09:39:44","date_utc":"2022-04-07 07:39:44","modified":"2025-11-12 15:00:58","modified_utc":"2025-11-12 14:00:58","url":"https:\/\/www.ticommunication.eu\/de\/event-details\/leadership-activation-workshop\/","rest_url":"https:\/\/www.ticommunication.eu\/de\/wp-json\/tribe\/events\/v1\/events\/7893","title":"Leadership Activation Workshop","description":"<p>Du bist eine smarte, kompetente und ehrgeizige F\u00fchrungskraft. Du hast an verschiedenen Management-Trainingsprogrammen teilgenommen und B\u00fccher gelesen, um als F\u00fchrungskraft zu wachsen. Du wei\u00dft, was zu tun ist, aber trotz Deiner Bem\u00fchungen und guten Absichten f\u00e4llt es Dir schwer, das Gelernte umzusetzen. Du sitzt oft in der Zwickm\u00fchle zwischen den Vorgaben des Top-Managements und den Erwartungen Ihrer Mitarbeiter*innen. Einige Deiner Arbeitsbeziehungen sind immer noch frustrierend, zum Beispiel mit Deinem Vorgesetzten oder mit Kolleg*innen in anderen Bereichen? Oder es f\u00e4llt Dir schwer, das Beste aus Ihrem Team herauszuholen. Was fehlt? Wie kannst Du die Kluft zwischen dem, wo Du bist, und dem, wo Du sein m\u00f6chtest, \u00fcberbr\u00fccken?<\/p>\n<p>In diesem erfahrungsorientierten Leadership Activation Workshop lernst Du etwas \u00fcber das Hindernis, welches leistungsstarke Manager, Teams und ganze Organisationen am st\u00e4rksten ausbremst und findest heraus, wie Du Deine F\u00e4higkeit zur F\u00fchrung bewusst aktivieren k\u00f6nnen, um dieses zu \u00fcberwinden. Das k\u00f6nnte der Schl\u00fcssel zum Erfolg sein, der Dich auf ein ganz neues Leistungsniveau bringt.<\/p>\n<h4>Du wirst Folgendes aus diesem Workshop mitnehmen:<\/h4>\n<ul>\n<li>Ein neues Bewusstsein f\u00fcr Deine wahre Einflusskraft, die es Dir erm\u00f6glicht, mit gr\u00f6\u00dferer Leichtigkeit positive Ver\u00e4nderungen in Deinem Unternehmen herbeizuf\u00fchren.<\/li>\n<li>Ein neues Verst\u00e4ndnis daf\u00fcr, was Dich und Dein Team zur\u00fcckh\u00e4lt, woran Du nie gedacht hast, und was Du tun kannst, um das Ruder herumzurei\u00dfen.<\/li>\n<li>Eine klare Vorstellung von der Person und F\u00fchrungskraft, die Du wirklich sein m\u00f6chtest.<\/li>\n<li>Eine wirkungsvolle Methode, die Du in jeder Situation bei der Arbeit und zu Hause anwenden kannst und die Dir hilft, so zu denken, zu f\u00fchlen und sich zu verhalten wie die Person und F\u00fchrungskraft, die Du wirklich sein m\u00f6chtest.<\/li>\n<li>Praktische Werkzeuge, um Selbstsabotage zu stoppen und den echten Leader in Dir zu aktivieren.<\/li>\n<li>Ein besseres Verst\u00e4ndnis daf\u00fcr, wie das Gehirn funktioniert und wie wichtig es ist, psychologische Sicherheit auf individueller, Team- und Organisationsebene zu schaffen, um Deine Ziele schneller zu erreichen.<\/li>\n<li>Einen Prozess, der Dir hilft, frustrierende Arbeitsbeziehungen in produktive Zusammenarbeit umzuwandeln, \u00fcber Hierarchien, Funktionen und Kulturen hinweg.<\/li>\n<li>Einen effektiven Prozess, um das verborgene Potenzial Ihres Teams zu aktivieren, auch wenn Du es im Moment f\u00fcr unm\u00f6glich h\u00e4ltst.<\/li>\n<\/ul>\n<h4>Methoden:<\/h4>\n<ul>\n<li>Erlebnisorientierte Aktivit\u00e4ten im Plenum und in Kleingruppen, je nach Teilnehmerzahl.<\/li>\n<li>Individuelle Reflexionen und Gruppendiskussionen<\/li>\n<li>Ansprechende Videos, um tiefere Einblicke zu gewinnen<\/li>\n<\/ul>\n<h4>Hinweis zu den Zeiten<\/h4>\n<ul>\n<li>Als virtueller Workshop: 9 &#8211; 12 Uhr und 14 &#8211; 17 Uhr<\/li>\n<li>Als Inhouse-Ma\u00dfnahme: 9 &#8211; 17 Uhr inkl. Mittagspause und Kaffeepausen<\/li>\n<\/ul>\n<h4>Teilnehmerzahl: 6 bis max. 12<\/h4>\n<p>Das Training kannst Du als Inhouse-Ma\u00dfnahme oder als virtuelles Training buchen. Bei mehr als zwei Interessenten k\u00f6nnen wir auch ein offenes Training nach Deinen W\u00fcnschen terminieren. Frage unter der untenstehenden Anmeldung nach den M\u00f6glichkeiten.<\/p>\n<p>Trainingssprachen: Deutsch, Englisch und Italienisch.<\/p>\n<p>&nbsp;<\/p>","excerpt":"","slug":"leadership-activation-workshop","image":{"url":"https:\/\/www.ticommunication.eu\/wp-content\/uploads\/2021\/09\/Leadership_Activation-Myriam_Callegarin_Veranstaltung_Titelbild.png","id":11954,"extension":"png","width":1280,"height":835,"filesize":1196445,"sizes":{"medium":{"width":300,"height":196,"mime-type":"image\/png","filesize":98486,"url":"https:\/\/www.ticommunication.eu\/wp-content\/uploads\/2021\/09\/Leadership_Activation-Myriam_Callegarin_Veranstaltung_Titelbild-300x196.png"},"large":{"width":1060,"height":691,"mime-type":"image\/png","filesize":821005,"url":"https:\/\/www.ticommunication.eu\/wp-content\/uploads\/2021\/09\/Leadership_Activation-Myriam_Callegarin_Veranstaltung_Titelbild-1060x691.png"},"thumbnail":{"width":150,"height":98,"mime-type":"image\/png","filesize":29428,"url":"https:\/\/www.ticommunication.eu\/wp-content\/uploads\/2021\/09\/Leadership_Activation-Myriam_Callegarin_Veranstaltung_Titelbild-150x98.png"},"medium_large":{"width":768,"height":501,"mime-type":"image\/png","filesize":486243,"url":"https:\/\/www.ticommunication.eu\/wp-content\/uploads\/2021\/09\/Leadership_Activation-Myriam_Callegarin_Veranstaltung_Titelbild-768x501.png"},"be_thumbnail":{"width":150,"height":150,"mime-type":"image\/png","filesize":43437,"url":"https:\/\/www.ticommunication.eu\/wp-content\/uploads\/2021\/09\/Leadership_Activation-Myriam_Callegarin_Veranstaltung_Titelbild-150x150.png"},"be_clients":{"width":115,"height":75,"mime-type":"image\/png","filesize":18464,"url":"https:\/\/www.ticommunication.eu\/wp-content\/uploads\/2021\/09\/Leadership_Activation-Myriam_Callegarin_Veranstaltung_Titelbild-115x75.png"},"portfolio-mf-w":{"width":1280,"height":500,"mime-type":"image\/png","filesize":784252,"url":"https:\/\/www.ticommunication.eu\/wp-content\/uploads\/2021\/09\/Leadership_Activation-Myriam_Callegarin_Veranstaltung_Titelbild-1280x500.png"},"portfolio-mf-t":{"width":768,"height":835,"mime-type":"image\/png","filesize":748151,"url":"https:\/\/www.ticommunication.eu\/wp-content\/uploads\/2021\/09\/Leadership_Activation-Myriam_Callegarin_Veranstaltung_Titelbild-768x835.png"},"portfolio-list":{"width":1280,"height":750,"mime-type":"image\/png","filesize":1073341,"url":"https:\/\/www.ticommunication.eu\/wp-content\/uploads\/2021\/09\/Leadership_Activation-Myriam_Callegarin_Veranstaltung_Titelbild-1280x750.png"},"blog-portfolio":{"width":960,"height":720,"mime-type":"image\/png","filesize":801257,"url":"https:\/\/www.ticommunication.eu\/wp-content\/uploads\/2021\/09\/Leadership_Activation-Myriam_Callegarin_Veranstaltung_Titelbild-960x720.png"},"blog-single":{"width":1200,"height":675,"mime-type":"image\/png","filesize":896879,"url":"https:\/\/www.ticommunication.eu\/wp-content\/uploads\/2021\/09\/Leadership_Activation-Myriam_Callegarin_Veranstaltung_Titelbild-1200x675.png"},"mobile-srcset":{"width":480,"height":313,"mime-type":"image\/png","filesize":220159,"url":"https:\/\/www.ticommunication.eu\/wp-content\/uploads\/2021\/09\/Leadership_Activation-Myriam_Callegarin_Veranstaltung_Titelbild-480x313.png"}}},"all_day":true,"start_date":"2099-01-01 00:00:00","start_date_details":{"year":"2099","month":"01","day":"01","hour":"00","minutes":"00","seconds":"00"},"end_date":"2099-01-01 23:59:59","end_date_details":{"year":"2099","month":"01","day":"01","hour":"23","minutes":"59","seconds":"59"},"utc_start_date":"2098-12-31 23:00:00","utc_start_date_details":{"year":"2098","month":"12","day":"31","hour":"23","minutes":"00","seconds":"00"},"utc_end_date":"2099-01-01 22:59:59","utc_end_date_details":{"year":"2099","month":"01","day":"01","hour":"22","minutes":"59","seconds":"59"},"timezone":"Europe\/Berlin","timezone_abbr":"CET","cost":"Preis auf Anfrage. \u20ac (zzgl. USt.)","cost_details":{"currency_symbol":"\u20ac","currency_code":"USD","currency_position":"prefix","values":["preis-auf-anfrage"]},"website":"","show_map":false,"show_map_link":false,"hide_from_listings":false,"sticky":false,"featured":false,"categories":[{"name":"F\u00fchrungskr\u00e4fte","slug":"fuehrungskraefte","term_group":0,"term_taxonomy_id":76,"taxonomy":"tribe_events_cat","description":"","parent":0,"count":40,"filter":"raw","id":76,"urls":{"self":"https:\/\/www.ticommunication.eu\/de\/wp-json\/tribe\/events\/v1\/categories\/76","collection":"https:\/\/www.ticommunication.eu\/de\/wp-json\/tribe\/events\/v1\/categories"}}],"tags":[{"name":"F\u00fchrung","slug":"fuehrung","term_group":0,"term_taxonomy_id":116,"taxonomy":"post_tag","description":"","parent":0,"count":35,"filter":"raw","id":116,"urls":{"self":"https:\/\/www.ticommunication.eu\/de\/wp-json\/tribe\/events\/v1\/tags\/116","collection":"https:\/\/www.ticommunication.eu\/de\/wp-json\/tribe\/events\/v1\/tags"}},{"name":"Leadership","slug":"leadership","term_group":0,"term_taxonomy_id":156,"taxonomy":"post_tag","description":"","parent":0,"count":15,"filter":"raw","id":156,"urls":{"self":"https:\/\/www.ticommunication.eu\/de\/wp-json\/tribe\/events\/v1\/tags\/156","collection":"https:\/\/www.ticommunication.eu\/de\/wp-json\/tribe\/events\/v1\/tags"}}],"venue":{"id":95,"author":"3","status":"publish","date":"2021-02-14 22:59:50","date_utc":"2021-02-14 21:59:50","modified":"2023-11-10 10:22:57","modified_utc":"2023-11-10 09:22:57","url":"https:\/\/www.ticommunication.eu\/de\/veranstaltungsort\/tic-hq\/","venue":"virtuell","slug":"tic-hq","json_ld":{"@type":"Place","name":"virtuell","description":"","url":"https:\/\/www.ticommunication.eu\/de\/veranstaltungsort\/tic-hq\/","address":{"@type":"PostalAddress"},"telephone":"","sameAs":""},"show_map":false,"show_map_link":false,"global_id":"www.ticommunication.eu\/de\/?id=95","global_id_lineage":["www.ticommunication.eu\/de\/?id=95"]},"organizer":[{"id":764,"author":"2","status":"publish","date":"2021-03-15 15:25:28","date_utc":"2021-03-15 14:25:28","modified":"2026-03-17 12:27:14","modified_utc":"2026-03-17 11:27:14","url":"https:\/\/www.ticommunication.eu\/de\/expert\/myriam-callegarin\/","organizer":"Myriam Callegarin","description":"<h4><em>\u201eWir sehen die Dinge nicht wie SIE sind; wir sehen sie wie WIR sind.\u201d<\/em><\/h4>\n<p>(Unbekannter Autor)<\/p>\n<p>Myriam Callegarin ist die Entwicklerin des <a href=\"https:\/\/www.ticommunication.eu\/leadership-activation-journey\/\">Leadership-Activation-Journey-Programmes<\/a> und der darauf basierenden CARx-Methode.<\/p>\n<p>Sie ist eine Global Executive Coach, Unternehmensberaterin und interkulturelle Trainerin mit \u00fcber 30 Jahren internationaler Erfahrung. Sie arbeitete insgesamt 11 Jahre bei der Mercedes-Benz AG (Daimler AG) in Deutschland, Singapur und S\u00fcdkorea, hauptsachlich im internationalen Vertrieb und e-Business Bereich. 2001 beschloss sie, Daimler zu verlassen um den Schritt zur Selbst\u00e4ndigkeit zu wagen. Sie gr\u00fcndete ihre Unternehmensberatungsfirma, die auf internationale Gesch\u00e4ftsentwicklung, Fusionen und Acquisitionen spezialisiert war. Da ihr immer klarer wurde, wie wichtig die menschliche Komponente f\u00fcr den Unternehmenserfolg ist, ging sie 2008 zu Coaching und Training \u00fcber. Seitdem hilft sie F\u00fchrungskr\u00e4ften und Teams, auch schwierige Stakeholder \u00fcber Hierarchien, Funktionen und Kulturen hinweg zu engagieren, damit sie gemeinsam aus den gr\u00f6\u00dften Herausforderungen neue M\u00f6glichkeiten schaffen. Myriam ist ein ICF-akkreditierter Professional Certified Coach (PCC) und eine zertifizierte Executive Coach. Unter anderem hat sie mit F\u00fchrungskr\u00e4ften und Teams bei Daimler, Porsche, Ford Motor Company, FiatChrysler, Roche, Chiesi, E.ON, UniCredit, Banca Intesa San Paolo, Campari, Bacardi, ReckittBenckiser, Fives Group, World Food Programme (United Nations) u.v.m. zusammengearbeitet.<\/p>\n<h4>Trainings- und Consultingschwerpunkte<\/h4>\n<ul>\n<li>Strategischer Berater f\u00fcr CEOs und CHROs<\/li>\n<li>Zertifizierter Executive Coach (PCC)<\/li>\n<li>Leistungsoptimierung von F\u00fchrungskr\u00e4ften auf Vorstandsebene<\/li>\n<li>F\u00fchrung lokaler Mitarbeiter (bei Entsendungen) und internationalen \/ multikulturellen Teams<\/li>\n<li>Internationales Stakeholder-Management<\/li>\n<li>Internationale Strategieentwicklung<\/li>\n<li>Interkulturelles Grundlagentraining<\/li>\n<li>L\u00e4nderschwerpunkte: Deutschland, Italien, Schweiz, Schweden, China, Thailand, Singapur<\/li>\n<li>Multikulturelle Teamentwicklung<\/li>\n<li>Kommunikation in virtuellen, globalen Teams<\/li>\n<li>Interkulturelles F\u00fchrungskr\u00e4ftetraining<\/li>\n<li>Internationales Vertriebstraining<\/li>\n<\/ul>\n<p>&nbsp;<\/p>\n<h4>Myriam Callegarin stellt sich vor:<\/h4>\n<div style=\"width: 1220px;\" class=\"wp-video\"><video class=\"wp-video-shortcode\" id=\"video-0-1\" width=\"1220\" height=\"686\" preload=\"metadata\" controls=\"controls\"><source type=\"video\/mp4\" src=\"https:\/\/www.ticommunication.eu\/wp-content\/uploads\/2021\/03\/ti-communication-EXPERT-Myriam-Callegarin-DE.mp4?_=1\" \/><a href=\"https:\/\/www.ticommunication.eu\/wp-content\/uploads\/2021\/03\/ti-communication-EXPERT-Myriam-Callegarin-DE.mp4\">https:\/\/www.ticommunication.eu\/wp-content\/uploads\/2021\/03\/ti-communication-EXPERT-Myriam-Callegarin-DE.mp4<\/a><\/video><\/div>","slug":"myriam-callegarin","image":{"url":"https:\/\/www.ticommunication.eu\/wp-content\/uploads\/2021\/05\/Foto_MyriamCallegarin_hochkant.jpg","id":3692,"extension":"jpg","width":500,"height":750,"sizes":{"medium":{"width":200,"height":300,"mime-type":"image\/jpeg","url":"https:\/\/www.ticommunication.eu\/wp-content\/uploads\/2021\/05\/Foto_MyriamCallegarin_hochkant-200x300.jpg"},"thumbnail":{"width":100,"height":150,"mime-type":"image\/jpeg","url":"https:\/\/www.ticommunication.eu\/wp-content\/uploads\/2021\/05\/Foto_MyriamCallegarin_hochkant-100x150.jpg"},"post-thumbnail":{"width":97,"height":146,"mime-type":"image\/jpeg","url":"https:\/\/www.ticommunication.eu\/wp-content\/uploads\/2021\/05\/Foto_MyriamCallegarin_hochkant-97x146.jpg"},"50x50":{"width":33,"height":50,"mime-type":"image\/jpeg","url":"https:\/\/www.ticommunication.eu\/wp-content\/uploads\/2021\/05\/Foto_MyriamCallegarin_hochkant-33x50.jpg"},"clients-slider":{"width":50,"height":75,"mime-type":"image\/jpeg","url":"https:\/\/www.ticommunication.eu\/wp-content\/uploads\/2021\/05\/Foto_MyriamCallegarin_hochkant-50x75.jpg"},"testimonials":{"width":85,"height":85,"mime-type":"image\/jpeg","url":"https:\/\/www.ticommunication.eu\/wp-content\/uploads\/2021\/05\/Foto_MyriamCallegarin_hochkant-85x85.jpg"},"blog-navi":{"width":80,"height":80,"mime-type":"image\/jpeg","url":"https:\/\/www.ticommunication.eu\/wp-content\/uploads\/2021\/05\/Foto_MyriamCallegarin_hochkant-80x80.jpg"},"portfolio-mf-w":{"width":500,"height":500,"mime-type":"image\/jpeg","url":"https:\/\/www.ticommunication.eu\/wp-content\/uploads\/2021\/05\/Foto_MyriamCallegarin_hochkant-500x500.jpg"},"blog-portfolio":{"width":500,"height":720,"mime-type":"image\/jpeg","url":"https:\/\/www.ticommunication.eu\/wp-content\/uploads\/2021\/05\/Foto_MyriamCallegarin_hochkant-500x720.jpg"},"blog-single":{"width":500,"height":675,"mime-type":"image\/jpeg","url":"https:\/\/www.ticommunication.eu\/wp-content\/uploads\/2021\/05\/Foto_MyriamCallegarin_hochkant-500x675.jpg"}}},"email":"contact@ticommunication.eu","json_ld":{"@type":"Person","name":"Myriam Callegarin","description":"&lt;p&gt;\u201eWir sehen die Dinge nicht wie SIE sind; wir sehen sie wie WIR sind.\u201d (Unbekannter Autor) Myriam Callegarin ist die Entwicklerin des Leadership-Activation-Journey-Programmes und der darauf&lt;span class=&quot;excerpt-hellip&quot;&gt; [\u2026]&lt;\/span&gt;&lt;\/p&gt;\\n","image":"https:\/\/www.ticommunication.eu\/wp-content\/uploads\/2021\/05\/Foto_MyriamCallegarin_hochkant.jpg","url":"","telephone":"","email":"&#99;&#111;&#110;&#116;a&#99;t&#64;&#116;icommu&#110;&#105;&#99;at&#105;&#111;&#110;&#46;&#101;u","sameAs":""},"global_id":"www.ticommunication.eu\/de\/?id=764","global_id_lineage":["www.ticommunication.eu\/de\/?id=764"]}],"custom_fields":{"_ecp_custom_31":{"label":"Trainingssprache","value":"Deutsch|Englisch|Italienisch"}},"json_ld":{"@context":"http:\/\/schema.org","@type":"Event","name":"Leadership Activation Workshop","description":"&lt;p&gt;Du bist eine smarte, kompetente und ehrgeizige F\u00fchrungskraft. Du hast an verschiedenen Management-Trainingsprogrammen teilgenommen und B\u00fccher gelesen, um als F\u00fchrungskraft zu wachsen. Du wei\u00dft, was zu&lt;span class=&quot;excerpt-hellip&quot;&gt; [\u2026]&lt;\/span&gt;&lt;\/p&gt;\\n","image":"https:\/\/www.ticommunication.eu\/wp-content\/uploads\/2021\/09\/Leadership_Activation-Myriam_Callegarin_Veranstaltung_Titelbild.png","url":"https:\/\/www.ticommunication.eu\/de\/event-details\/leadership-activation-workshop\/","offers":[{"@type":"Offer","url":"https:\/\/www.ticommunication.eu\/de\/event-details\/leadership-activation-workshop\/","price":"0","category":"primary","availability":"InStock","priceCurrency":"USD","validFrom":"2023-03-09T00:00:00+00:00","validThrough":"2099-01-01T00:00:00+00:00"}],"eventAttendanceMode":"https:\/\/schema.org\/OfflineEventAttendanceMode","eventStatus":"https:\/\/schema.org\/EventScheduled","startDate":"2099-01-01T00:00:00+01:00","endDate":"2099-01-01T23:59:59+01:00","location":{"@type":"Place","name":"virtuell","description":"","url":"https:\/\/www.ticommunication.eu\/de\/veranstaltungsort\/tic-hq\/","address":{"@type":"PostalAddress"},"telephone":"","sameAs":""},"organizer":{"@type":"Person","name":"Myriam Callegarin","description":"&lt;p&gt;\u201eWir sehen die Dinge nicht wie SIE sind; wir sehen sie wie WIR sind.\u201d (Unbekannter Autor) Myriam Callegarin ist die Entwicklerin des Leadership-Activation-Journey-Programmes und der darauf&lt;span class=&quot;excerpt-hellip&quot;&gt; [\u2026]&lt;\/span&gt;&lt;\/p&gt;\\n","image":"https:\/\/www.ticommunication.eu\/wp-content\/uploads\/2021\/05\/Foto_MyriamCallegarin_hochkant.jpg","url":"","telephone":"","email":"c&#111;&#110;tact&#64;ticom&#109;&#117;&#110;&#105;c&#97;ti&#111;&#110;&#46;&#101;&#117;","sameAs":""},"performer":"Organization"},"ticketed":["rsvp"],"is_virtual":false,"virtual_url":null,"virtual_video_source":""}