{"id":644,"global_id":"www.ticommunication.eu\/de\/?id=644","global_id_lineage":["www.ticommunication.eu\/de\/?id=644"],"author":"2","status":"publish","date":"2021-03-12 09:30:32","date_utc":"2021-03-12 08:30:32","modified":"2025-11-13 10:28:45","modified_utc":"2025-11-13 09:28:45","url":"https:\/\/www.ticommunication.eu\/de\/event-details\/die-situation-ist-hoffnungslos-aber-nicht-ernst-als-expat-in-oesterreich-auch-digital-leben-und-arbeiten-2\/","rest_url":"https:\/\/www.ticommunication.eu\/de\/wp-json\/tribe\/events\/v1\/events\/644","title":"Die Situation ist hoffnungslos, aber nicht ernst: Als Expat in \u00d6sterreich &#8211; auch digital &#8211; leben und arbeiten","description":"<div class=\"col-sm-10\">\n<p>Egal ob Du mit \u00d6sterreicher*innen oder in \u00d6sterreich arbeiten. Es ist immer gleichzeitig Chance und Herausforderung. Denn wer und wie sind \u201cdie \u00d6sterreicher*innen\u201d? So manche\/r von ihnen sieht sich z.B. mehr als Tiroler*in oder gar als Schweizer*in&#8230;. Dazu kommen noch die Dialekte! Diese sind oft selbst f\u00fcr geborene \u00d6sterreicher*innen eine Herausforderung.<\/p>\n<p>Feinheiten zu erkennen, stellt eine spannende und oft auch am\u00fcsante kulturelle Reise durch die Alpenrepublik dar. Privater Kontakt und speziell wirtschaftliche Zusammenarbeit sollten gut vorbereitet sein. Dabei hilft Dir dieses Onlineseminar. Speziell in VUCAD\u00b2-Zeiten!<\/p>\n<\/div>\n<h4>Nutzen<\/h4>\n<div class=\"col-sm-10\">\n<ul>\n<li>Bewusstsein f\u00fcr kulturelle, wirtschaftliche und soziale Aspekte<\/li>\n<li>Sensibilisierung f\u00fcr Kriterien erfolgreicher Zusammenarbeit<\/li>\n<li>Verringerung eines m\u00f6glichen Kulturschocks<\/li>\n<li>Erfolgreiche und effiziente Zielerreichung<\/li>\n<\/ul>\n<h4><span style=\"font-size: 21px;\">Methoden<\/span><\/h4>\n<\/div>\n<div class=\"col-sm-10\">\n<ul>\n<li>Interaktive \u00dcbungen<\/li>\n<li>Nutzung von Breakout Sessions f\u00fcr Gruppen\u00fcbungen<\/li>\n<li>Analyse von Fallbeispielen<\/li>\n<li>Erfahrungsaustausch und Diskussion zwischen den Teilnehmenden<\/li>\n<\/ul>\n<h4>Hinweis zu den Zeiten<\/h4>\n<ul>\n<li>Als virtueller Workshop: 9 &#8211; 12 Uhr und 14 &#8211; 17 Uhr<\/li>\n<li>Als Inhouse-Ma\u00dfnahme: 9 &#8211; 17 Uhr inkl. Mittagspause und Kaffeepausen<\/li>\n<\/ul>\n<h4>Teilnehmerzahl: 3 bis max. 10<\/h4>\n<p>Das Training kannst Du als Inhouse-Ma\u00dfnahme oder als virtuelles Training buchen. Bei mehr als zwei Interessenten k\u00f6nnen wir auch ein offenes Training nach Deinen W\u00fcnschen terminieren. Frage unter der untenstehenden Anmeldung nach den M\u00f6glichkeiten.<\/p>\n<p>Trainingssprachen: Deutsch und Englisch.<\/p>\n<\/div>","excerpt":"","slug":"die-situation-ist-hoffnungslos-aber-nicht-ernst-als-expat-in-oesterreich-auch-digital-leben-und-arbeiten-2","image":{"url":"https:\/\/www.ticommunication.eu\/wp-content\/uploads\/2021\/08\/Oesterreich_Konrad_Noe-Nordberg_Veranstaltungen_Titelbild.png","id":11999,"extension":"png","width":1280,"height":835,"filesize":1250911,"sizes":{"medium":{"width":300,"height":196,"mime-type":"image\/png","filesize":92608,"url":"https:\/\/www.ticommunication.eu\/wp-content\/uploads\/2021\/08\/Oesterreich_Konrad_Noe-Nordberg_Veranstaltungen_Titelbild-300x196.png"},"large":{"width":1060,"height":691,"mime-type":"image\/png","filesize":813282,"url":"https:\/\/www.ticommunication.eu\/wp-content\/uploads\/2021\/08\/Oesterreich_Konrad_Noe-Nordberg_Veranstaltungen_Titelbild-1060x691.png"},"thumbnail":{"width":150,"height":98,"mime-type":"image\/png","filesize":26992,"url":"https:\/\/www.ticommunication.eu\/wp-content\/uploads\/2021\/08\/Oesterreich_Konrad_Noe-Nordberg_Veranstaltungen_Titelbild-150x98.png"},"medium_large":{"width":768,"height":501,"mime-type":"image\/png","filesize":478321,"url":"https:\/\/www.ticommunication.eu\/wp-content\/uploads\/2021\/08\/Oesterreich_Konrad_Noe-Nordberg_Veranstaltungen_Titelbild-768x501.png"},"be_thumbnail":{"width":150,"height":150,"mime-type":"image\/png","filesize":37878,"url":"https:\/\/www.ticommunication.eu\/wp-content\/uploads\/2021\/08\/Oesterreich_Konrad_Noe-Nordberg_Veranstaltungen_Titelbild-150x150.png"},"be_clients":{"width":115,"height":75,"mime-type":"image\/png","filesize":16853,"url":"https:\/\/www.ticommunication.eu\/wp-content\/uploads\/2021\/08\/Oesterreich_Konrad_Noe-Nordberg_Veranstaltungen_Titelbild-115x75.png"},"portfolio-mf-w":{"width":1280,"height":500,"mime-type":"image\/png","filesize":751682,"url":"https:\/\/www.ticommunication.eu\/wp-content\/uploads\/2021\/08\/Oesterreich_Konrad_Noe-Nordberg_Veranstaltungen_Titelbild-1280x500.png"},"portfolio-mf-t":{"width":768,"height":835,"mime-type":"image\/png","filesize":720205,"url":"https:\/\/www.ticommunication.eu\/wp-content\/uploads\/2021\/08\/Oesterreich_Konrad_Noe-Nordberg_Veranstaltungen_Titelbild-768x835.png"},"portfolio-list":{"width":1280,"height":750,"mime-type":"image\/png","filesize":1092768,"url":"https:\/\/www.ticommunication.eu\/wp-content\/uploads\/2021\/08\/Oesterreich_Konrad_Noe-Nordberg_Veranstaltungen_Titelbild-1280x750.png"},"blog-portfolio":{"width":960,"height":720,"mime-type":"image\/png","filesize":759874,"url":"https:\/\/www.ticommunication.eu\/wp-content\/uploads\/2021\/08\/Oesterreich_Konrad_Noe-Nordberg_Veranstaltungen_Titelbild-960x720.png"},"blog-single":{"width":1200,"height":675,"mime-type":"image\/png","filesize":876649,"url":"https:\/\/www.ticommunication.eu\/wp-content\/uploads\/2021\/08\/Oesterreich_Konrad_Noe-Nordberg_Veranstaltungen_Titelbild-1200x675.png"},"mobile-srcset":{"width":480,"height":313,"mime-type":"image\/png","filesize":211456,"url":"https:\/\/www.ticommunication.eu\/wp-content\/uploads\/2021\/08\/Oesterreich_Konrad_Noe-Nordberg_Veranstaltungen_Titelbild-480x313.png"}}},"all_day":true,"start_date":"2099-01-01 00:00:00","start_date_details":{"year":"2099","month":"01","day":"01","hour":"00","minutes":"00","seconds":"00"},"end_date":"2099-01-01 23:59:59","end_date_details":{"year":"2099","month":"01","day":"01","hour":"23","minutes":"59","seconds":"59"},"utc_start_date":"2098-12-31 23:00:00","utc_start_date_details":{"year":"2098","month":"12","day":"31","hour":"23","minutes":"00","seconds":"00"},"utc_end_date":"2099-01-01 22:59:59","utc_end_date_details":{"year":"2099","month":"01","day":"01","hour":"22","minutes":"59","seconds":"59"},"timezone":"Europe\/Berlin","timezone_abbr":"CET","cost":"0 \u20ac (zzgl. USt.)","cost_details":{"currency_symbol":"\u20ac","currency_code":"USD","currency_position":"prefix","values":["0"]},"website":"","show_map":false,"show_map_link":false,"hide_from_listings":false,"sticky":false,"featured":false,"categories":[{"name":"Interkulturelle Kompetenz","slug":"interkulturelle-kompetenz","term_group":0,"term_taxonomy_id":72,"taxonomy":"tribe_events_cat","description":"","parent":0,"count":117,"filter":"raw","id":72,"urls":{"self":"https:\/\/www.ticommunication.eu\/de\/wp-json\/tribe\/events\/v1\/categories\/72","collection":"https:\/\/www.ticommunication.eu\/de\/wp-json\/tribe\/events\/v1\/categories"}}],"tags":[{"name":"Expat","slug":"expat","term_group":0,"term_taxonomy_id":327,"taxonomy":"post_tag","description":"","parent":0,"count":4,"filter":"raw","id":327,"urls":{"self":"https:\/\/www.ticommunication.eu\/de\/wp-json\/tribe\/events\/v1\/tags\/327","collection":"https:\/\/www.ticommunication.eu\/de\/wp-json\/tribe\/events\/v1\/tags"}},{"name":"Interkulturelles Training","slug":"interkulturelles-training","term_group":0,"term_taxonomy_id":251,"taxonomy":"post_tag","description":"","parent":0,"count":59,"filter":"raw","id":251,"urls":{"self":"https:\/\/www.ticommunication.eu\/de\/wp-json\/tribe\/events\/v1\/tags\/251","collection":"https:\/\/www.ticommunication.eu\/de\/wp-json\/tribe\/events\/v1\/tags"}},{"name":"\u00d6sterreich","slug":"oesterreich","term_group":0,"term_taxonomy_id":174,"taxonomy":"post_tag","description":"","parent":0,"count":4,"filter":"raw","id":174,"urls":{"self":"https:\/\/www.ticommunication.eu\/de\/wp-json\/tribe\/events\/v1\/tags\/174","collection":"https:\/\/www.ticommunication.eu\/de\/wp-json\/tribe\/events\/v1\/tags"}}],"venue":{"id":95,"author":"3","status":"publish","date":"2021-02-14 22:59:50","date_utc":"2021-02-14 21:59:50","modified":"2023-11-10 10:22:57","modified_utc":"2023-11-10 09:22:57","url":"https:\/\/www.ticommunication.eu\/de\/veranstaltungsort\/tic-hq\/","venue":"virtuell","slug":"tic-hq","json_ld":{"@type":"Place","name":"virtuell","description":"","url":"https:\/\/www.ticommunication.eu\/de\/veranstaltungsort\/tic-hq\/","address":{"@type":"PostalAddress"},"telephone":"","sameAs":""},"show_map":false,"show_map_link":false,"global_id":"www.ticommunication.eu\/de\/?id=95","global_id_lineage":["www.ticommunication.eu\/de\/?id=95"]},"organizer":[{"id":298,"author":"2","status":"publish","date":"2021-02-26 11:03:29","date_utc":"2021-02-26 10:03:29","modified":"2025-11-03 13:13:27","modified_utc":"2025-11-03 12:13:27","url":"https:\/\/www.ticommunication.eu\/de\/expert\/konrad-noe-nordberg\/","organizer":"Konrad No\u00e9-Nordberg","description":"<h4><em>\u201eGemeinsam Horizonte erweitern!\u201c<\/em><\/h4>\n<p>Mag. Konrad No\u00e9-Nordberg hat Handelswissenschaften mit dem Schwerpunkt Au\u00dfenhandel studiert und ist zertifizierter Business Trainer, diplomierter Coach sowie Unternehmensberater. Er ist geb\u00fcrtiger \u00d6sterreicher mit internationalen Wurzeln. Als Export Director und Subsidiary Manager hat er insgesamt mehrere Jahre erfolgreich Projekte im Ausland realisiert, unter anderem in Frankreich, den Niederlanden, Polen und Russland. Dar\u00fcber hinaus war er f\u00fcr Regionen wie S\u00fcdostasien, Australien, den Mittleren Osten, Nord- und S\u00fcdafrika sowie zahlreiche weitere L\u00e4nder in Europa verantwortlich. Seine Dienstgeber waren u.a. namhafte Unternehmen wie Mondi und Semperit.<br \/>\nKonrad bringt nicht nur \u00fcber 20 Jahre Marketing-, Vertriebs- und F\u00fchrungspraxis aus mehreren Branchen mit, sondern auch \u00fcber 10 Jahre Erfahrung und Wissen als Trainer sowie Lektor an mehreren Fachhochschulen. Er ist bereits einige Jahre als Trainer f\u00fcr uns t\u00e4tig und begleitete ti communication auch als ehemaliger Gesch\u00e4ftsf\u00fchrer \u00d6sterreich.<\/p>\n<p>&nbsp;<\/p>\n<h4>Trainings- und Consultingschwerpunkte<\/h4>\n<ul>\n<li>Verhandlung, Vertrieb, Marketing und Verkauf<\/li>\n<li>F\u00fchrung und Teamentwicklung<\/li>\n<li>L\u00e4nder- und Organisationskultur<\/li>\n<li>Interkulturelles Management und Training<\/li>\n<li>Kommunikation und Konfliktmanagement<\/li>\n<\/ul>\n<p>&nbsp;<\/p>\n<h4>Ver\u00f6ffentlichungen<\/h4>\n<ul>\n<li>2021: Blogbeitrag zum Thema &#8222;<a href=\"https:\/\/www.ticommunication.eu\/de\/interkulturelle-fuehrung-vorgesetzte-als-brueckenbauer\/\">Interkulturelle F\u00fchrung: Vorgesetzte als Br\u00fcckenbauer<\/a>&#8222;<\/li>\n<li>2022: Blogbeitrag zum Thema &#8222;<a href=\"https:\/\/www.ticommunication.eu\/de\/erfolgreiche-kooperation-multikultureller-teams-oder-wie-forme-ich-aus-vielen-bunten-einzelteilen-ein-mosaik-kunstwerk-2\/\">Erfolgreiche Kooperation multikultureller Teams \u2013 Oder: Wie forme ich aus vielen bunten Einzelteilen ein Mosaik-Kunstwerk?<\/a>&#8222;<\/li>\n<li>2024: <a href=\"https:\/\/www.ticommunication.eu\/de\/ma-drum-pruefe-wer-sich-bindet\/\">&#8222;Merger &amp; Acquisition: Drum pr\u00fcfe, wer sich bindet!&#8220;<\/a> in &#8222;Unternehmenskultur in der Praxis&#8220;, 2. Auflage, Springer Verlag<strong><br \/>\n<\/strong><\/li>\n<\/ul>","slug":"konrad-noe-nordberg","image":{"url":"https:\/\/www.ticommunication.eu\/wp-content\/uploads\/2021\/04\/konrad-16-scaled.jpg","id":13925,"extension":"jpg","width":1440,"height":2560,"filesize":426014,"sizes":{"medium":{"width":169,"height":300,"mime-type":"image\/jpeg","filesize":8123,"url":"https:\/\/www.ticommunication.eu\/wp-content\/uploads\/2021\/04\/konrad-16-169x300.jpg"},"large":{"width":596,"height":1060,"mime-type":"image\/jpeg","filesize":57497,"url":"https:\/\/www.ticommunication.eu\/wp-content\/uploads\/2021\/04\/konrad-16-596x1060.jpg"},"thumbnail":{"width":84,"height":150,"mime-type":"image\/jpeg","filesize":4625,"url":"https:\/\/www.ticommunication.eu\/wp-content\/uploads\/2021\/04\/konrad-16-84x150.jpg"},"medium_large":{"width":768,"height":1365,"mime-type":"image\/jpeg","filesize":100452,"url":"https:\/\/www.ticommunication.eu\/wp-content\/uploads\/2021\/04\/konrad-16-768x1365.jpg"},"1536x1536":{"width":864,"height":1536,"mime-type":"image\/jpeg","filesize":132401,"url":"https:\/\/www.ticommunication.eu\/wp-content\/uploads\/2021\/04\/konrad-16-864x1536.jpg"},"2048x2048":{"width":1152,"height":2048,"mime-type":"image\/jpeg","filesize":258940,"url":"https:\/\/www.ticommunication.eu\/wp-content\/uploads\/2021\/04\/konrad-16-1152x2048.jpg"},"be_thumbnail":{"width":150,"height":150,"mime-type":"image\/jpeg","filesize":6102,"url":"https:\/\/www.ticommunication.eu\/wp-content\/uploads\/2021\/04\/konrad-16-150x150.jpg"},"be_clients":{"width":42,"height":75,"mime-type":"image\/jpeg","filesize":3441,"url":"https:\/\/www.ticommunication.eu\/wp-content\/uploads\/2021\/04\/konrad-16-42x75.jpg"},"slider-content":{"width":1630,"height":860,"mime-type":"image\/jpeg","filesize":173299,"url":"https:\/\/www.ticommunication.eu\/wp-content\/uploads\/2021\/04\/konrad-16-1630x860.jpg"},"portfolio-mf":{"width":1280,"height":1000,"mime-type":"image\/jpeg","filesize":154034,"url":"https:\/\/www.ticommunication.eu\/wp-content\/uploads\/2021\/04\/konrad-16-1280x1000.jpg"},"portfolio-mf-w":{"width":1280,"height":500,"mime-type":"image\/jpeg","filesize":76898,"url":"https:\/\/www.ticommunication.eu\/wp-content\/uploads\/2021\/04\/konrad-16-1280x500.jpg"},"portfolio-mf-t":{"width":768,"height":1200,"mime-type":"image\/jpeg","filesize":91920,"url":"https:\/\/www.ticommunication.eu\/wp-content\/uploads\/2021\/04\/konrad-16-768x1200.jpg"},"portfolio-list":{"width":1700,"height":750,"mime-type":"image\/jpeg","filesize":223519,"url":"https:\/\/www.ticommunication.eu\/wp-content\/uploads\/2021\/04\/konrad-16-1700x750.jpg"},"blog-portfolio":{"width":960,"height":720,"mime-type":"image\/jpeg","filesize":80437,"url":"https:\/\/www.ticommunication.eu\/wp-content\/uploads\/2021\/04\/konrad-16-960x720.jpg"},"blog-single":{"width":1200,"height":675,"mime-type":"image\/jpeg","filesize":96554,"url":"https:\/\/www.ticommunication.eu\/wp-content\/uploads\/2021\/04\/konrad-16-1200x675.jpg"},"mobile-srcset":{"width":480,"height":853,"mime-type":"image\/jpeg","filesize":37404,"url":"https:\/\/www.ticommunication.eu\/wp-content\/uploads\/2021\/04\/konrad-16-480x853.jpg"}},"original_image":"konrad-16.jpg"},"email":"konrad.noe-nordberg@ticommunication.eu","json_ld":{"@type":"Person","name":"Konrad No\u00e9-Nordberg","description":"&lt;p&gt;\u201eGemeinsam Horizonte erweitern!\u201c Mag. Konrad No\u00e9-Nordberg hat Handelswissenschaften mit dem Schwerpunkt Au\u00dfenhandel studiert und ist zertifizierter Business Trainer, diplomierter Coach sowie Unternehmensberater. Er ist geb\u00fcrtiger \u00d6sterreicher&lt;span class=&quot;excerpt-hellip&quot;&gt; [\u2026]&lt;\/span&gt;&lt;\/p&gt;\\n","image":"https:\/\/www.ticommunication.eu\/wp-content\/uploads\/2021\/04\/konrad-16-scaled.jpg","url":"","telephone":"","email":"kon&#114;&#97;d&#46;&#110;oe&#45;nor&#100;&#98;er&#103;&#64;&#116;&#105;&#99;o&#109;munic&#97;t&#105;on&#46;&#101;u","sameAs":""},"global_id":"www.ticommunication.eu\/de\/?id=298","global_id_lineage":["www.ticommunication.eu\/de\/?id=298"]}],"custom_fields":{"_ecp_custom_11":{"label":"L\u00e4nderfokus","value":"\u00d6sterreich"},"_ecp_custom_31":{"label":"Trainingssprache","value":"Deutsch|Englisch"}},"json_ld":{"@context":"http:\/\/schema.org","@type":"Event","name":"Die Situation ist hoffnungslos, aber nicht ernst: Als Expat in \u00d6sterreich &#8211; auch digital &#8211; leben und arbeiten","description":"&lt;p&gt;Egal ob Du mit \u00d6sterreicher*innen oder in \u00d6sterreich arbeiten. Es ist immer gleichzeitig Chance und Herausforderung. Denn wer und wie sind \u201cdie \u00d6sterreicher*innen\u201d? So manche\/r von&lt;span class=&quot;excerpt-hellip&quot;&gt; [\u2026]&lt;\/span&gt;&lt;\/p&gt;\\n","image":"https:\/\/www.ticommunication.eu\/wp-content\/uploads\/2021\/08\/Oesterreich_Konrad_Noe-Nordberg_Veranstaltungen_Titelbild.png","url":"https:\/\/www.ticommunication.eu\/de\/event-details\/die-situation-ist-hoffnungslos-aber-nicht-ernst-als-expat-in-oesterreich-auch-digital-leben-und-arbeiten-2\/","offers":[{"@type":"Offer","url":"https:\/\/www.ticommunication.eu\/de\/event-details\/die-situation-ist-hoffnungslos-aber-nicht-ernst-als-expat-in-oesterreich-auch-digital-leben-und-arbeiten-2\/","price":"0","category":"primary","availability":"InStock","priceCurrency":"USD","validFrom":"2021-03-12T00:00:00+00:00","validThrough":"2099-01-01T00:00:00+00:00"}],"eventAttendanceMode":"https:\/\/schema.org\/OfflineEventAttendanceMode","eventStatus":"https:\/\/schema.org\/EventScheduled","startDate":"2099-01-01T00:00:00+01:00","endDate":"2099-01-01T23:59:59+01:00","location":{"@type":"Place","name":"virtuell","description":"","url":"https:\/\/www.ticommunication.eu\/de\/veranstaltungsort\/tic-hq\/","address":{"@type":"PostalAddress"},"telephone":"","sameAs":""},"organizer":{"@type":"Person","name":"Konrad No\u00e9-Nordberg","description":"&lt;p&gt;\u201eGemeinsam Horizonte erweitern!\u201c Mag. Konrad No\u00e9-Nordberg hat Handelswissenschaften mit dem Schwerpunkt Au\u00dfenhandel studiert und ist zertifizierter Business Trainer, diplomierter Coach sowie Unternehmensberater. Er ist geb\u00fcrtiger \u00d6sterreicher&lt;span class=&quot;excerpt-hellip&quot;&gt; [\u2026]&lt;\/span&gt;&lt;\/p&gt;\\n","image":"https:\/\/www.ticommunication.eu\/wp-content\/uploads\/2021\/04\/konrad-16-scaled.jpg","url":"","telephone":"","email":"ko&#110;ra&#100;.&#110;o&#101;-&#110;or&#100;&#98;&#101;&#114;&#103;&#64;&#116;icomm&#117;&#110;ic&#97;&#116;&#105;on.&#101;&#117;","sameAs":""},"performer":"Organization"},"ticketed":["rsvp"],"is_virtual":false,"virtual_url":null,"virtual_video_source":""}