{"id":14451,"global_id":"www.ticommunication.eu\/de\/?id=14451","global_id_lineage":["www.ticommunication.eu\/de\/?id=14451"],"author":"2","status":"publish","date":"2025-05-15 14:43:42","date_utc":"2025-05-15 12:43:42","modified":"2025-12-03 15:58:19","modified_utc":"2025-12-03 14:58:19","url":"https:\/\/www.ticommunication.eu\/de\/event-details\/projektmanagement-fuer-die-praxis\/","rest_url":"https:\/\/www.ticommunication.eu\/de\/wp-json\/tribe\/events\/v1\/events\/14451","title":"Projektmanagement f\u00fcr die Praxis","description":"<h4>Erfolgreich Projekte umsetzen und Projektteams kompetent f\u00fchren<\/h4>\n<p>Um den stetig steigenden Anforderungen von au\u00dfen (h\u00f6here Kundenanforderungen, steigender Wettbewerbsdruck, \u00c4nderungen gesetzlicher Grundlagen, etc.) produktiv zu begegnen, werden immer mehr Themen an bereichs\u00fcbergreifende Teams vergeben, die aufgabenbezogen und mit zeitlicher Begrenzung gebildet werden (Projektteams).<br \/>\nDas f\u00fchrt dazu, dass mehr und mehr Mitarbeiter*innen die Rolle von Projektmanager*innen \u00fcbernehmen. Sie m\u00fcssen dann andere Menschen f\u00fchren (in der Regel ohne direkte Weisungsbefugnis), die Motivation der Teammitglieder wecken und f\u00f6rdern, Ressourcen verhandeln, Konflikte l\u00f6sen usw.<br \/>\nDar\u00fcber hinaus brauchen die Projektmanager*innen bew\u00e4hrte Techniken und Werkzeuge, um ihre Projekte realistisch planen und erfolgreich steuern zu k\u00f6nnen. Sonst drohen Ressourcenverschwendung, \u00dcberschreitungen bei Deadlines und Budgets, Frustration bei allen Beteiligten und \u2013 im worst case \u2013 das komplette Scheitern des Projektes.<\/p>\n<h4>Inhalt<\/h4>\n<ul>\n<li>Die vier Rollen in Projekten (Auftraggeber*in, Projektleiter*in, Teammitglieder, Tempor\u00e4re Unterst\u00fctzer*innen) und ihre Aufgaben<\/li>\n<li>Definition von Projektauftrag und Zielen (SMART \/ inkl. Nicht-Ziele)<\/li>\n<li>Das magische Dreieck aus Qualit\u00e4t, Kosten und Zeit<\/li>\n<li>Risikobewertung und Risikomanagement<\/li>\n<li>Projektplanung, Ressourcenmanagement und Projektsteuerung<\/li>\n<li>Die 4 Phasen des Projektablaufs: Forming, Storming, Norming, Performing<\/li>\n<li>Agiles vs. klassisches Projektmanagement: die wichtigsten Unterschiede, Vor- und Nachteile<\/li>\n<li>Motivation und Kommunikation<\/li>\n<li>Probleml\u00f6sung und Dilemma-Management<\/li>\n<li>Qualit\u00e4tskontrolle, Projektabschluss und Dokumentation<\/li>\n<\/ul>\n<h4>Nutzen<\/h4>\n<ul>\n<li>Erfolgreiche und ressourcenschonende Umsetzung von Projekten<\/li>\n<li>Verbesserung der Teamarbeit und Steigerung der Zufriedenheit aller Projekt-Stakeholder<\/li>\n<li>Praxisbew\u00e4hrte Tools und Methoden<\/li>\n<\/ul>\n<h4>Methoden<\/h4>\n<ul>\n<li>Warm-Up und Sensibilisierungs\u00fcbungen<\/li>\n<li>Impulsvortr\u00e4ge und Story-Telling zur Vermittlung von Theorie, Modellen, Methoden und Techniken<\/li>\n<li>Gruppendiskussionen und \u00dcbungen, um sicherzustellen, dass die Inhalte vollst\u00e4ndig und richtig verstanden wurden<\/li>\n<li>Anwendungs\u00fcbungen in Form einer Projekt-Simulation<\/li>\n<li>Feed-Back und Coaching durch den Trainer<\/li>\n<li>Individuelle Reflektion und Transferplanung<\/li>\n<li>Unterlagen als PDF zum Wiederholen, Nacharbeiten, Vertiefen, usw.<\/li>\n<\/ul>\n<h4>Hinweis zu den Zeiten<\/h4>\n<ul>\n<li>2 Tage<\/li>\n<li>Als virtueller Workshop: 9 \u2013 12 Uhr und 14 \u2013 17 Uhr<\/li>\n<li>Als Inhouse-Ma\u00dfnahme: 9 \u2013 17 Uhr inkl. Mittagspause und Kaffeepausen<\/li>\n<\/ul>\n<h4>Teilnehmerzahl: 3 bis max. 10<\/h4>\n<p>Das Training kannst Du als Inhouse-Ma\u00dfnahme oder als virtuelles Training buchen. Bei mehr als zwei Interessenten k\u00f6nnen wir auch ein offenes Training nach Deinen W\u00fcnschen terminieren. Frage \u00fcber contact@https:\/\/www.ticommunication.eu einfach zu den M\u00f6glichkeiten an.<\/p>\n<p>Trainingssprachen: Deutsch und Englisch<\/p>","excerpt":"","slug":"projektmanagement-fuer-die-praxis","image":{"url":"https:\/\/www.ticommunication.eu\/wp-content\/uploads\/2025\/05\/Projektmanagement-fuer-die-Praxis.png","id":14455,"extension":"png","width":1280,"height":835,"filesize":1979169,"sizes":{"medium":{"width":300,"height":196,"mime-type":"image\/png","filesize":38713,"url":"https:\/\/www.ticommunication.eu\/wp-content\/uploads\/2025\/05\/Projektmanagement-fuer-die-Praxis-300x196.png"},"large":{"width":1060,"height":691,"mime-type":"image\/png","filesize":283512,"url":"https:\/\/www.ticommunication.eu\/wp-content\/uploads\/2025\/05\/Projektmanagement-fuer-die-Praxis-1060x691.png"},"thumbnail":{"width":150,"height":98,"mime-type":"image\/png","filesize":12656,"url":"https:\/\/www.ticommunication.eu\/wp-content\/uploads\/2025\/05\/Projektmanagement-fuer-die-Praxis-150x98.png"},"medium_large":{"width":768,"height":501,"mime-type":"image\/png","filesize":169049,"url":"https:\/\/www.ticommunication.eu\/wp-content\/uploads\/2025\/05\/Projektmanagement-fuer-die-Praxis-768x501.png"},"be_thumbnail":{"width":150,"height":150,"mime-type":"image\/png","filesize":17264,"url":"https:\/\/www.ticommunication.eu\/wp-content\/uploads\/2025\/05\/Projektmanagement-fuer-die-Praxis-150x150.png"},"be_clients":{"width":115,"height":75,"mime-type":"image\/png","filesize":8383,"url":"https:\/\/www.ticommunication.eu\/wp-content\/uploads\/2025\/05\/Projektmanagement-fuer-die-Praxis-115x75.png"},"portfolio-mf-w":{"width":1280,"height":500,"mime-type":"image\/png","filesize":282319,"url":"https:\/\/www.ticommunication.eu\/wp-content\/uploads\/2025\/05\/Projektmanagement-fuer-die-Praxis-1280x500.png"},"portfolio-mf-t":{"width":768,"height":835,"mime-type":"image\/png","filesize":262072,"url":"https:\/\/www.ticommunication.eu\/wp-content\/uploads\/2025\/05\/Projektmanagement-fuer-die-Praxis-768x835.png"},"portfolio-list":{"width":1280,"height":750,"mime-type":"image\/png","filesize":382728,"url":"https:\/\/www.ticommunication.eu\/wp-content\/uploads\/2025\/05\/Projektmanagement-fuer-die-Praxis-1280x750.png"},"blog-portfolio":{"width":960,"height":720,"mime-type":"image\/png","filesize":268427,"url":"https:\/\/www.ticommunication.eu\/wp-content\/uploads\/2025\/05\/Projektmanagement-fuer-die-Praxis-960x720.png"},"blog-single":{"width":1200,"height":675,"mime-type":"image\/png","filesize":313195,"url":"https:\/\/www.ticommunication.eu\/wp-content\/uploads\/2025\/05\/Projektmanagement-fuer-die-Praxis-1200x675.png"},"mobile-srcset":{"width":480,"height":313,"mime-type":"image\/png","filesize":79625,"url":"https:\/\/www.ticommunication.eu\/wp-content\/uploads\/2025\/05\/Projektmanagement-fuer-die-Praxis-480x313.png"}}},"all_day":true,"start_date":"2099-01-01 00:00:00","start_date_details":{"year":"2099","month":"01","day":"01","hour":"00","minutes":"00","seconds":"00"},"end_date":"2099-01-01 23:59:59","end_date_details":{"year":"2099","month":"01","day":"01","hour":"23","minutes":"59","seconds":"59"},"utc_start_date":"2098-12-31 23:00:00","utc_start_date_details":{"year":"2098","month":"12","day":"31","hour":"23","minutes":"00","seconds":"00"},"utc_end_date":"2099-01-01 22:59:59","utc_end_date_details":{"year":"2099","month":"01","day":"01","hour":"22","minutes":"59","seconds":"59"},"timezone":"Europe\/Berlin","timezone_abbr":"CET","cost":"Preis auf Anfrage \u20ac (zzgl. USt.)","cost_details":{"currency_symbol":"\u20ac","currency_code":"USD","currency_position":"prefix","values":["preis-auf-anfrage"]},"website":"","show_map":false,"show_map_link":false,"hide_from_listings":false,"sticky":false,"featured":false,"categories":[{"name":"F\u00fchrungskr\u00e4fte","slug":"fuehrungskraefte","term_group":0,"term_taxonomy_id":76,"taxonomy":"tribe_events_cat","description":"","parent":0,"count":40,"filter":"raw","id":76,"urls":{"self":"https:\/\/www.ticommunication.eu\/de\/wp-json\/tribe\/events\/v1\/categories\/76","collection":"https:\/\/www.ticommunication.eu\/de\/wp-json\/tribe\/events\/v1\/categories"}},{"name":"Teamentwicklung","slug":"teamentwicklung","term_group":0,"term_taxonomy_id":350,"taxonomy":"tribe_events_cat","description":"","parent":0,"count":17,"filter":"raw","id":350,"urls":{"self":"https:\/\/www.ticommunication.eu\/de\/wp-json\/tribe\/events\/v1\/categories\/350","collection":"https:\/\/www.ticommunication.eu\/de\/wp-json\/tribe\/events\/v1\/categories"}}],"tags":[{"name":"F\u00fchrung von Projektteams","slug":"fuehrung-von-projektteams","term_group":0,"term_taxonomy_id":923,"taxonomy":"post_tag","description":"","parent":0,"count":1,"filter":"raw","id":923,"urls":{"self":"https:\/\/www.ticommunication.eu\/de\/wp-json\/tribe\/events\/v1\/tags\/923","collection":"https:\/\/www.ticommunication.eu\/de\/wp-json\/tribe\/events\/v1\/tags"}},{"name":"Projektmangement","slug":"projektmangement","term_group":0,"term_taxonomy_id":920,"taxonomy":"post_tag","description":"","parent":0,"count":1,"filter":"raw","id":920,"urls":{"self":"https:\/\/www.ticommunication.eu\/de\/wp-json\/tribe\/events\/v1\/tags\/920","collection":"https:\/\/www.ticommunication.eu\/de\/wp-json\/tribe\/events\/v1\/tags"}},{"name":"Risikomanagement","slug":"risikomanagement","term_group":0,"term_taxonomy_id":922,"taxonomy":"post_tag","description":"","parent":0,"count":1,"filter":"raw","id":922,"urls":{"self":"https:\/\/www.ticommunication.eu\/de\/wp-json\/tribe\/events\/v1\/tags\/922","collection":"https:\/\/www.ticommunication.eu\/de\/wp-json\/tribe\/events\/v1\/tags"}},{"name":"Teamf\u00fchrung","slug":"teamfuehrung","term_group":0,"term_taxonomy_id":921,"taxonomy":"post_tag","description":"","parent":0,"count":1,"filter":"raw","id":921,"urls":{"self":"https:\/\/www.ticommunication.eu\/de\/wp-json\/tribe\/events\/v1\/tags\/921","collection":"https:\/\/www.ticommunication.eu\/de\/wp-json\/tribe\/events\/v1\/tags"}}],"venue":{"id":95,"author":"3","status":"publish","date":"2021-02-14 22:59:50","date_utc":"2021-02-14 21:59:50","modified":"2023-11-10 10:22:57","modified_utc":"2023-11-10 09:22:57","url":"https:\/\/www.ticommunication.eu\/de\/veranstaltungsort\/tic-hq\/","venue":"virtuell","slug":"tic-hq","json_ld":{"@type":"Place","name":"virtuell","description":"","url":"https:\/\/www.ticommunication.eu\/de\/veranstaltungsort\/tic-hq\/","address":{"@type":"PostalAddress"},"telephone":"","sameAs":""},"show_map":false,"show_map_link":false,"global_id":"www.ticommunication.eu\/de\/?id=95","global_id_lineage":["www.ticommunication.eu\/de\/?id=95"]},"organizer":[{"id":10220,"author":"2","status":"publish","date":"2023-07-25 11:02:16","date_utc":"2023-07-25 09:02:16","modified":"2025-05-19 11:51:42","modified_utc":"2025-05-19 09:51:42","url":"https:\/\/www.ticommunication.eu\/de\/expert\/andreas-leschke\/","organizer":"Andreas Leschke","description":"<h4><em>\u201eEs sind immer die Kompetenzen der Menschen, die zu langfristigen Erfolgen f\u00fchren\u201c<\/em><\/h4>\n<p>Andreas Leschke, geboren und aufgewachsen in Hannover (D), ist seit \u00fcber 25 Jahren begeisterter Wahl-Wiener. Er hat Betriebswirtschaftslehre mit Schwerpunkt Marketing in Bielefeld (D) und Rotterdam (NL) studiert und blickt auf langj\u00e4hrige Erfahrung in F\u00fchrungspositionen, unter anderem als Vertriebsdirektor und Gesch\u00e4ftsf\u00fchrer, zur\u00fcck.<\/p>\n<p>Als Berater, Trainer und Coach unterst\u00fctzt er seit 2006 Organisationen, Teams und Einzelpersonen aus unterschiedlichsten Branchen dabei, ihre Ziele zu erreichen.<\/p>\n<p>In seiner Arbeit schafft er eine offene, positive und entspannte Atmosph\u00e4re, die seine Teilnehmer:innen dazu ermutigt, Alternativen kennenzulernen oder selbst zu entwickeln, auszuprobieren, zu \u00fcben, und in der Praxis anzuwenden.<\/p>\n<p>&nbsp;<\/p>\n<h4>Trainings- und Consultingschwerpunkte<\/h4>\n<ul>\n<li>Agile F\u00fchrung<\/li>\n<li>Professioneller Verkauf im Innen- und Au\u00dfendienst<\/li>\n<li>Erfolgreiche Verhandlungsf\u00fchrung<\/li>\n<li>Wahrnehmung und Kommunikation<\/li>\n<li>Unternehmerisches Denken und Handeln<\/li>\n<li><span data-teams=\"true\">Zeit- und Selbstmanagement<\/span><\/li>\n<\/ul>\n<p>&nbsp;<\/p>\n<h4>Andreas Leschke stellt sich vor<\/h4>\n<div style=\"width: 1220px;\" class=\"wp-video\"><video class=\"wp-video-shortcode\" id=\"video-0-1\" width=\"1220\" height=\"686\" preload=\"metadata\" controls=\"controls\"><source type=\"video\/mp4\" src=\"https:\/\/www.ticommunication.eu\/wp-content\/uploads\/2023\/07\/komprimiertes-Andreas_Leschke_Trainingsvideo_bearbeitet.mp4?_=1\" \/><a href=\"https:\/\/www.ticommunication.eu\/wp-content\/uploads\/2023\/07\/komprimiertes-Andreas_Leschke_Trainingsvideo_bearbeitet.mp4\">https:\/\/www.ticommunication.eu\/wp-content\/uploads\/2023\/07\/komprimiertes-Andreas_Leschke_Trainingsvideo_bearbeitet.mp4<\/a><\/video><\/div>","excerpt":"<p>\u201eEs sind immer die Kompetenzen der Menschen, die zu langfristigen Erfolgen f\u00fchren\u201c<br \/>\nAndreas Leschke, geboren und aufgewachsen in Hannover (D), ist seit \u00fcber 25 Jahren begeisterter Wahl-Wiener. Er hat Betriebswirtschaftslehre mit Schwerpunkt Marketing in Bielefeld (D) und Rotterdam (NL) studiert und blickt auf langj\u00e4hrige Erfahrung in F\u00fchrungspositionen, unter anderem als Vertriebsdirektor und Gesch\u00e4ftsf\u00fchrer, zur\u00fcck. Als Berater, Trainer und Coach unterst\u00fctzt er seit 2006 Organisationen, Teams und Einzelpersonen aus unterschiedlichsten Branchen dabei, ihre Ziele zu erreichen. In seiner Arbeit schafft er eine offene, positive und entspannte Atmosph\u00e4re, die seine Teilnehmer:innen dazu ermutigt, Alternativen kennenzulernen oder selbst zu entwickeln, auszuprobieren, zu \u00fcben, und in der Praxis anzuwenden. <\/p>\n<p>Trainings- und Consultingschwerpunkte<br \/>\n\u2022 Agile F\u00fchrung<br \/>\n\u2022 Professioneller Verkauf im Innen- und Au\u00dfendienst<br \/>\n\u2022 Erfolgreiche Verhandlungsf\u00fchrung<br \/>\n\u2022 Wahrnehmung und Kommunikation<br \/>\n\u2022 Unternehmerisches Denken und Handeln<\/p>","slug":"andreas-leschke","image":{"url":"https:\/\/www.ticommunication.eu\/wp-content\/uploads\/2023\/07\/Foto-Andreas-Leschke.jpg","id":10221,"extension":"jpg","width":992,"height":1409,"filesize":197940,"sizes":{"medium":{"width":211,"height":300,"mime-type":"image\/jpeg","filesize":36595,"url":"https:\/\/www.ticommunication.eu\/wp-content\/uploads\/2023\/07\/Foto-Andreas-Leschke-211x300.jpg"},"large":{"width":746,"height":1060,"mime-type":"image\/jpeg","filesize":101444,"url":"https:\/\/www.ticommunication.eu\/wp-content\/uploads\/2023\/07\/Foto-Andreas-Leschke-746x1060.jpg"},"thumbnail":{"width":106,"height":150,"mime-type":"image\/jpeg","filesize":29371,"url":"https:\/\/www.ticommunication.eu\/wp-content\/uploads\/2023\/07\/Foto-Andreas-Leschke-106x150.jpg"},"medium_large":{"width":768,"height":1091,"mime-type":"image\/jpeg","filesize":104518,"url":"https:\/\/www.ticommunication.eu\/wp-content\/uploads\/2023\/07\/Foto-Andreas-Leschke-768x1091.jpg"},"post-thumbnail":{"width":103,"height":146,"mime-type":"image\/jpeg","filesize":29265,"url":"https:\/\/www.ticommunication.eu\/wp-content\/uploads\/2023\/07\/Foto-Andreas-Leschke-103x146.jpg"},"50x50":{"width":35,"height":50,"mime-type":"image\/jpeg","filesize":26494,"url":"https:\/\/www.ticommunication.eu\/wp-content\/uploads\/2023\/07\/Foto-Andreas-Leschke-35x50.jpg"},"clients-slider":{"width":53,"height":75,"mime-type":"image\/jpeg","filesize":27055,"url":"https:\/\/www.ticommunication.eu\/wp-content\/uploads\/2023\/07\/Foto-Andreas-Leschke-53x75.jpg"},"slider-content":{"width":992,"height":860,"mime-type":"image\/jpeg","filesize":100921,"url":"https:\/\/www.ticommunication.eu\/wp-content\/uploads\/2023\/07\/Foto-Andreas-Leschke-992x860.jpg"},"testimonials":{"width":85,"height":85,"mime-type":"image\/jpeg","filesize":27664,"url":"https:\/\/www.ticommunication.eu\/wp-content\/uploads\/2023\/07\/Foto-Andreas-Leschke-85x85.jpg"},"blog-navi":{"width":80,"height":80,"mime-type":"image\/jpeg","filesize":27389,"url":"https:\/\/www.ticommunication.eu\/wp-content\/uploads\/2023\/07\/Foto-Andreas-Leschke-80x80.jpg"},"portfolio-mf":{"width":992,"height":1000,"mime-type":"image\/jpeg","filesize":113541,"url":"https:\/\/www.ticommunication.eu\/wp-content\/uploads\/2023\/07\/Foto-Andreas-Leschke-992x1000.jpg"},"portfolio-mf-w":{"width":992,"height":500,"mime-type":"image\/jpeg","filesize":66395,"url":"https:\/\/www.ticommunication.eu\/wp-content\/uploads\/2023\/07\/Foto-Andreas-Leschke-992x500.jpg"},"portfolio-mf-t":{"width":768,"height":1200,"mime-type":"image\/jpeg","filesize":112933,"url":"https:\/\/www.ticommunication.eu\/wp-content\/uploads\/2023\/07\/Foto-Andreas-Leschke-768x1200.jpg"},"portfolio-list":{"width":992,"height":750,"mime-type":"image\/jpeg","filesize":89242,"url":"https:\/\/www.ticommunication.eu\/wp-content\/uploads\/2023\/07\/Foto-Andreas-Leschke-992x750.jpg"},"blog-portfolio":{"width":960,"height":720,"mime-type":"image\/jpeg","filesize":81963,"url":"https:\/\/www.ticommunication.eu\/wp-content\/uploads\/2023\/07\/Foto-Andreas-Leschke-960x720.jpg"},"blog-single":{"width":992,"height":675,"mime-type":"image\/jpeg","filesize":83046,"url":"https:\/\/www.ticommunication.eu\/wp-content\/uploads\/2023\/07\/Foto-Andreas-Leschke-992x675.jpg"},"mobile-srcset":{"width":480,"height":682,"mime-type":"image\/jpeg","filesize":64437,"url":"https:\/\/www.ticommunication.eu\/wp-content\/uploads\/2023\/07\/Foto-Andreas-Leschke-480x682.jpg"}}},"email":"contact@ticommunication.eu","json_ld":{"@type":"Person","name":"Andreas Leschke","description":"&lt;p&gt;\u201eEs sind immer die Kompetenzen der Menschen, die zu langfristigen Erfolgen f\u00fchren\u201c&lt;br \/&gt;\\nAndreas Leschke, geboren und aufgewachsen in Hannover (D), ist seit \u00fcber 25 Jahren begeisterter Wahl-Wiener. Er hat Betriebswirtschaftslehre mit Schwerpunkt Marketing in Bielefeld (D) und Rotterdam (NL) studiert und blickt auf langj\u00e4hrige Erfahrung in F\u00fchrungspositionen, unter anderem als Vertriebsdirektor und Gesch\u00e4ftsf\u00fchrer, zur\u00fcck. Als Berater, Trainer und Coach unterst\u00fctzt er seit 2006 Organisationen, Teams und Einzelpersonen aus unterschiedlichsten Branchen dabei, ihre Ziele zu erreichen. In seiner Arbeit schafft er eine offene, positive und entspannte Atmosph\u00e4re, die seine Teilnehmer:innen dazu ermutigt, Alternativen kennenzulernen oder selbst zu entwickeln, auszuprobieren, zu \u00fcben, und in der Praxis anzuwenden. &lt;\/p&gt;\\n&lt;p&gt;Trainings- und Consultingschwerpunkte&lt;br \/&gt;\\n\u2022 Agile F\u00fchrung&lt;br \/&gt;\\n\u2022 Professioneller Verkauf im Innen- und Au\u00dfendienst&lt;br \/&gt;\\n\u2022 Erfolgreiche Verhandlungsf\u00fchrung&lt;br \/&gt;\\n\u2022 Wahrnehmung und Kommunikation&lt;br \/&gt;\\n\u2022 Unternehmerisches Denken und Handeln&lt;\/p&gt;\\n","image":"https:\/\/www.ticommunication.eu\/wp-content\/uploads\/2023\/07\/Foto-Andreas-Leschke.jpg","url":"","telephone":"","email":"&#99;&#111;&#110;&#116;a&#99;t&#64;&#116;ic&#111;mmun&#105;&#99;ati&#111;&#110;.e&#117;","sameAs":""},"global_id":"www.ticommunication.eu\/de\/?id=10220","global_id_lineage":["www.ticommunication.eu\/de\/?id=10220"]}],"custom_fields":{"_ecp_custom_31":{"label":"Trainingssprache","value":"Deutsch|Englisch"}},"json_ld":{"@context":"http:\/\/schema.org","@type":"Event","name":"Projektmanagement f\u00fcr die Praxis","description":"&lt;p&gt;Erfolgreich Projekte umsetzen und Projektteams kompetent f\u00fchren Um den stetig steigenden Anforderungen von au\u00dfen (h\u00f6here Kundenanforderungen, steigender Wettbewerbsdruck, \u00c4nderungen gesetzlicher Grundlagen, etc.) produktiv zu begegnen, werden&lt;span class=&quot;excerpt-hellip&quot;&gt; [\u2026]&lt;\/span&gt;&lt;\/p&gt;\\n","image":"https:\/\/www.ticommunication.eu\/wp-content\/uploads\/2025\/05\/Projektmanagement-fuer-die-Praxis.png","url":"https:\/\/www.ticommunication.eu\/de\/event-details\/projektmanagement-fuer-die-praxis\/","offers":[{"@type":"Offer","url":"https:\/\/www.ticommunication.eu\/de\/event-details\/projektmanagement-fuer-die-praxis\/","price":"0","category":"primary","availability":"InStock","priceCurrency":"USD","validFrom":"2025-05-15T00:00:00+00:00","validThrough":"2099-01-01T00:00:00+00:00"}],"eventAttendanceMode":"https:\/\/schema.org\/OfflineEventAttendanceMode","eventStatus":"https:\/\/schema.org\/EventScheduled","startDate":"2099-01-01T00:00:00+01:00","endDate":"2099-01-01T23:59:59+01:00","location":{"@type":"Place","name":"virtuell","description":"","url":"https:\/\/www.ticommunication.eu\/de\/veranstaltungsort\/tic-hq\/","address":{"@type":"PostalAddress"},"telephone":"","sameAs":""},"organizer":{"@type":"Person","name":"Andreas Leschke","description":"&lt;p&gt;\u201eEs sind immer die Kompetenzen der Menschen, die zu langfristigen Erfolgen f\u00fchren\u201c&lt;br \/&gt;\\nAndreas Leschke, geboren und aufgewachsen in Hannover (D), ist seit \u00fcber 25 Jahren begeisterter Wahl-Wiener. Er hat Betriebswirtschaftslehre mit Schwerpunkt Marketing in Bielefeld (D) und Rotterdam (NL) studiert und blickt auf langj\u00e4hrige Erfahrung in F\u00fchrungspositionen, unter anderem als Vertriebsdirektor und Gesch\u00e4ftsf\u00fchrer, zur\u00fcck. Als Berater, Trainer und Coach unterst\u00fctzt er seit 2006 Organisationen, Teams und Einzelpersonen aus unterschiedlichsten Branchen dabei, ihre Ziele zu erreichen. In seiner Arbeit schafft er eine offene, positive und entspannte Atmosph\u00e4re, die seine Teilnehmer:innen dazu ermutigt, Alternativen kennenzulernen oder selbst zu entwickeln, auszuprobieren, zu \u00fcben, und in der Praxis anzuwenden. &lt;\/p&gt;\\n&lt;p&gt;Trainings- und Consultingschwerpunkte&lt;br \/&gt;\\n\u2022 Agile F\u00fchrung&lt;br \/&gt;\\n\u2022 Professioneller Verkauf im Innen- und Au\u00dfendienst&lt;br \/&gt;\\n\u2022 Erfolgreiche Verhandlungsf\u00fchrung&lt;br \/&gt;\\n\u2022 Wahrnehmung und Kommunikation&lt;br \/&gt;\\n\u2022 Unternehmerisches Denken und Handeln&lt;\/p&gt;\\n","image":"https:\/\/www.ticommunication.eu\/wp-content\/uploads\/2023\/07\/Foto-Andreas-Leschke.jpg","url":"","telephone":"","email":"&#99;ont&#97;c&#116;&#64;tico&#109;m&#117;&#110;i&#99;&#97;t&#105;on.&#101;u","sameAs":""},"performer":"Organization"},"ticketed":["rsvp"],"is_virtual":false,"virtual_url":null,"virtual_video_source":""}